{"id":25626,"date":"2019-02-18T16:30:55","date_gmt":"2019-02-18T16:30:55","guid":{"rendered":"http:\/\/www.porbatata.pt\/?p=25626"},"modified":"2021-02-01T18:33:15","modified_gmt":"2021-02-01T18:33:15","slug":"vi-jornadas-tecnicas-da-batata","status":"publish","type":"post","link":"https:\/\/www.porbatata.pt\/en\/vi-jornadas-tecnicas-da-batata\/","title":{"rendered":"VI Jornadas T\u00e9cnicas da Batata &#8211; 28 de Mar\u00e7o de 2019"},"content":{"rendered":"<p>A Porbatata em parceria\u00a0 com a Agromais, a Agrotejo, a APH, o COTHN, a ESAC, a ESAS e a FNOP v\u00e3o realizar no dia<strong> 28 de mar\u00e7o de 2019, na Escola Superior Agr\u00e1ria de Coimbra<\/strong>, as <strong>VI Jornadas T\u00e9cnicas de Batata<\/strong>, com o objetivo de promover um espa\u00e7o de divulga\u00e7\u00e3o cient\u00edfica e tecnol\u00f3gica e de debate, capaz de contribuir para o lan\u00e7amento de novas estrat\u00e9gias de inova\u00e7\u00e3o e competitividade, indispens\u00e1veis para a moderniza\u00e7\u00e3o e o desenvolvimento da fileira batata.<br \/>\nO evento contar\u00e1 com a participa\u00e7\u00e3o de produtores, t\u00e9cnicos, investigadores e outros agentes da fileira, sendo de reconhecido m\u00e9rito o painel de oradores. Ser\u00e3o abordados temas como as doen\u00e7as de quarentena da cultura da batata, os seguros de colheita e rentabilidade e o impacto dos crit\u00e9rios e normas de qualidade na comercializa\u00e7\u00e3o.<br \/>\nConsiderando todos os temas abordados de extrema import\u00e2ncia para o sector, salientamos o terceiro painel, com o qual esperamos contribuir para a clarifica\u00e7\u00e3o de crit\u00e9rios de qualidade entre os operadores e a distribui\u00e7\u00e3o. Para o efeito teremos a participa\u00e7\u00e3o de representantes do embalamento e comercializa\u00e7\u00e3o e representantes de algumas das ins\u00edgnias mais significativas da grande distribui\u00e7\u00e3o, al\u00e9m da presen\u00e7a do Presidente do Comit\u00ea Setorial da Patata de Espanha, que ir\u00e1 abordar a realidade no seu pa\u00eds.<br \/>\nConvidamos todos os agentes que de alguma forma est\u00e3o ligados ao sector a estar presentes, neste acontecimento nacional da fileira da batata que s\u00e3o as Jornadas T\u00e9cnicas da Batata, para tal dever\u00e3o fazer a sua inscri\u00e7\u00e3o at\u00e9 15 de mar\u00e7o,\u00a0<a href=\"https:\/\/www.queroir.pt\/vi-jornadas-tecnicas-da-batata\">aqui<\/a>.<\/p>\n<p>Ap\u00f3s esta data o valor da inscri\u00e7\u00e3o sofre um agravamento. Inscreva-se j\u00e1.<\/p>\n","protected":false},"excerpt":{"rendered":"<p>A Porbatata em parceria\u00a0 com a Agromais, a Agrotejo, a APH, o COTHN, a ESAC, a ESAS e a FNOP&#8230;<\/p>\n","protected":false},"author":2,"featured_media":25633,"comment_status":"closed","ping_status":"closed","sticky":false,"template":"","format":"standard","meta":{"footnotes":""},"categories":[104,1],"tags":[],"class_list":["post-25626","post","type-post","status-publish","format-standard","has-post-thumbnail","hentry","category-agenda","category-noticias"],"translation":{"provider":"WPGlobus","version":"3.0.0","language":"en","enabled_languages":["pt","en"],"languages":{"pt":{"title":true,"content":true,"excerpt":false},"en":{"title":false,"content":false,"excerpt":false}}},"_links":{"self":[{"href":"https:\/\/www.porbatata.pt\/en\/wp-json\/wp\/v2\/posts\/25626","targetHints":{"allow":["GET"]}}],"collection":[{"href":"https:\/\/www.porbatata.pt\/en\/wp-json\/wp\/v2\/posts"}],"about":[{"href":"https:\/\/www.porbatata.pt\/en\/wp-json\/wp\/v2\/types\/post"}],"author":[{"embeddable":true,"href":"https:\/\/www.porbatata.pt\/en\/wp-json\/wp\/v2\/users\/2"}],"replies":[{"embeddable":true,"href":"https:\/\/www.porbatata.pt\/en\/wp-json\/wp\/v2\/comments?post=25626"}],"version-history":[{"count":5,"href":"https:\/\/www.porbatata.pt\/en\/wp-json\/wp\/v2\/posts\/25626\/revisions"}],"predecessor-version":[{"id":25632,"href":"https:\/\/www.porbatata.pt\/en\/wp-json\/wp\/v2\/posts\/25626\/revisions\/25632"}],"wp:featuredmedia":[{"embeddable":true,"href":"https:\/\/www.porbatata.pt\/en\/wp-json\/wp\/v2\/media\/25633"}],"wp:attachment":[{"href":"https:\/\/www.porbatata.pt\/en\/wp-json\/wp\/v2\/media?parent=25626"}],"wp:term":[{"taxonomy":"category","embeddable":true,"href":"https:\/\/www.porbatata.pt\/en\/wp-json\/wp\/v2\/categories?post=25626"},{"taxonomy":"post_tag","embeddable":true,"href":"https:\/\/www.porbatata.pt\/en\/wp-json\/wp\/v2\/tags?post=25626"}],"curies":[{"name":"wp","href":"https:\/\/api.w.org\/{rel}","templated":true}]}}