{"id":26000,"date":"2019-06-04T17:47:07","date_gmt":"2019-06-04T17:47:07","guid":{"rendered":"http:\/\/www.porbatata.pt\/?p=26000"},"modified":"2021-02-02T18:57:24","modified_gmt":"2021-02-02T18:57:24","slug":"festival-da-batata-2019","status":"publish","type":"post","link":"https:\/\/www.porbatata.pt\/en\/festival-da-batata-2019\/","title":{"rendered":"Festival da Batata 2019  &#8211; Batata com sabor"},"content":{"rendered":"<div><\/div>\n<div>Nos dias 15 e 16 de Junho, ir\u00e1 decorrer o Festival da Batata, batata com sabor, na Miseric\u00f3rdia, Moita dos Ferreiros na Lourinh\u00e3.<br \/>\nEste evento \u00e9\u00a0promovido pela Associa\u00e7\u00e3o de Desenvolvimento Local\u00a0da Lourinh\u00e3 (ADL), Junta de Freguesia da Moita dos Ferreiros, Liga dos Amigos da Miseric\u00f3rdia, Louricoop e Porbatata e conta com\u00a0o apoio dos munic\u00edpios da Lourinh\u00e3 e do Bombarral.<br \/>\nO Festival da Batata,\u00a0sendo um evento regional pretende ser uma refer\u00eancia no sector da batata e salientar a qualidade de excel\u00eancia e o sabor inigual\u00e1vel da batata produzida na zona Oeste, caracter\u00edsticas atribu\u00eddas aos\u00a0solos e ao clima de temperaturas amenas e brisas mar\u00edtimas.<br \/>\nA sess\u00e3o de abertura do Festival no dia 15 de junho, contar\u00e1 com a ilustre presen\u00e7a do\u00a0Senhor Ministro da Agricultura, Florestas e Desenvolvimento Rural o Dr\u00ba Capoulas Santos.<br \/>\nDo programa destacamos as Jornadas T\u00e9cnicas, com visitas a campos de demonstra\u00e7\u00e3o de variedades de batata e o col\u00f3quio, que este ano ser\u00e1 alusivo ao tema &#8220;A\u00a0qualidade da batata semente\u00a0e o resultado na sua produ\u00e7\u00e3o&#8221;.\u00a0 Outra actividade de grande popularidade e ades\u00e3o, tendo em aten\u00e7\u00e3o as edi\u00e7\u00f5es anteriores, ser\u00e1 a exposi\u00e7\u00e3o e desfile de tractores.\u00a0Claro est\u00e1 que se falamos de batata, a gastronomia associada \u00e0 batata ter\u00e1 forte destaque, com degusta\u00e7\u00e3o de algumas das variedades mais populares na regi\u00e3o, e ainda o\u00a0show cooking de receitas saud\u00e1veis de\u00a0batata. Os insufl\u00e1veis e os passeios de burro far\u00e3o as delicias dos mais pequenos. Haver\u00e1 expositores tem\u00e1ticos,\u00a0artesanato, bem como muita anima\u00e7\u00e3o musical e at\u00e9 um bailarico.<\/div>\n<p>Consulte o programa <a href=\"https:\/\/drive.google.com\/open?id=1U2i9F7VWarMyiXn9CETmBH1NiN-oIcSE\" target=\"_blank\" rel=\"noopener\">aqui<\/a>.<\/p>\n","protected":false},"excerpt":{"rendered":"<p>Nos dias 15 e 16 de Junho, ir\u00e1 decorrer o Festival da Batata, batata com sabor, na Miseric\u00f3rdia, Moita dos&#8230;<\/p>\n","protected":false},"author":2,"featured_media":26009,"comment_status":"closed","ping_status":"closed","sticky":false,"template":"","format":"image","meta":{"footnotes":""},"categories":[104,1],"tags":[],"class_list":["post-26000","post","type-post","status-publish","format-image","has-post-thumbnail","hentry","category-agenda","category-noticias","post_format-post-format-image"],"translation":{"provider":"WPGlobus","version":"3.0.0","language":"en","enabled_languages":["pt","en"],"languages":{"pt":{"title":true,"content":true,"excerpt":false},"en":{"title":false,"content":false,"excerpt":false}}},"_links":{"self":[{"href":"https:\/\/www.porbatata.pt\/en\/wp-json\/wp\/v2\/posts\/26000","targetHints":{"allow":["GET"]}}],"collection":[{"href":"https:\/\/www.porbatata.pt\/en\/wp-json\/wp\/v2\/posts"}],"about":[{"href":"https:\/\/www.porbatata.pt\/en\/wp-json\/wp\/v2\/types\/post"}],"author":[{"embeddable":true,"href":"https:\/\/www.porbatata.pt\/en\/wp-json\/wp\/v2\/users\/2"}],"replies":[{"embeddable":true,"href":"https:\/\/www.porbatata.pt\/en\/wp-json\/wp\/v2\/comments?post=26000"}],"version-history":[{"count":7,"href":"https:\/\/www.porbatata.pt\/en\/wp-json\/wp\/v2\/posts\/26000\/revisions"}],"predecessor-version":[{"id":26015,"href":"https:\/\/www.porbatata.pt\/en\/wp-json\/wp\/v2\/posts\/26000\/revisions\/26015"}],"wp:featuredmedia":[{"embeddable":true,"href":"https:\/\/www.porbatata.pt\/en\/wp-json\/wp\/v2\/media\/26009"}],"wp:attachment":[{"href":"https:\/\/www.porbatata.pt\/en\/wp-json\/wp\/v2\/media?parent=26000"}],"wp:term":[{"taxonomy":"category","embeddable":true,"href":"https:\/\/www.porbatata.pt\/en\/wp-json\/wp\/v2\/categories?post=26000"},{"taxonomy":"post_tag","embeddable":true,"href":"https:\/\/www.porbatata.pt\/en\/wp-json\/wp\/v2\/tags?post=26000"}],"curies":[{"name":"wp","href":"https:\/\/api.w.org\/{rel}","templated":true}]}}