{"id":26068,"date":"2019-08-09T11:39:09","date_gmt":"2019-08-09T11:39:09","guid":{"rendered":"http:\/\/www.porbatata.pt\/?p=26068"},"modified":"2021-02-02T18:55:08","modified_gmt":"2021-02-02T18:55:08","slug":"ultimos-indicadores-da-pac-politica-agricola-comum","status":"publish","type":"post","link":"https:\/\/www.porbatata.pt\/en\/ultimos-indicadores-da-pac-politica-agricola-comum\/","title":{"rendered":"\u00daltimos indicadores da PAC &#8211; Politica Agr\u00edcola Comum"},"content":{"rendered":"<p>A Comiss\u00e3o Europeia atualizou os indicadores da\u00a0<a href=\"https:\/\/agridata.ec.europa.eu\/extensions\/DataPortal\/cmef_indicators.html\" target=\"_blank\" rel=\"noopener\" data-cke-saved-href=\"https:\/\/agridata.ec.europa.eu\/extensions\/DataPortal\/cmef_indicators.html\">pol\u00edtica agr\u00edcola comum (PAC)<\/a>\u00a0que contribuem para a avalia\u00e7\u00e3o do desempenho da PAC. Nesta\u00a0\u00faltima atualiza\u00e7\u00e3o verifica-se que:<\/p>\n<ul>\n<li>A\u00a0\u00a0<a href=\"https:\/\/agridata.ec.europa.eu\/extensions\/DashboardIndicators\/OrganicProduction.html\" target=\"_blank\" rel=\"noopener\" data-cke-saved-href=\"https:\/\/agridata.ec.europa.eu\/extensions\/DashboardIndicators\/OrganicProduction.html\">\u00e1rea de agricultura biol\u00f3gica<\/a>\u00a0\u00a0continua a crescer na UE.\u00a0Em 2016, representava 6,7% do total da \u00e1rea agr\u00edcola na UE, o equivalente a 11,9 milh\u00f5es de hectares.\u00a0Em 2017, atingiu 7% da \u00e1rea total da \u00e1rea de\u00a0cultivo, representando 12,6 milh\u00f5es de hectares de \u00e1rea agr\u00edcola.<\/li>\n<li>A\u00a0transi\u00e7\u00e3o para uma PAC\u00a0mais\u00a0\u00a0<a href=\"https:\/\/agridata.ec.europa.eu\/extensions\/DashboardIndicators\/Market.html\" target=\"_blank\" rel=\"noopener\" data-cke-saved-href=\"https:\/\/agridata.ec.europa.eu\/extensions\/DashboardIndicators\/Market.html\">orientada para o mercado<\/a>\u00a0continua, com as exporta\u00e7\u00f5es agroalimentares da UE a manterem um\u00a0desempenho elevado, com o valor de 137,5 mil milh\u00f5es de euros em 2018, apesar de uma diminui\u00e7\u00e3o da competitividade dos pre\u00e7os da UE nos \u00faltimos anos.\u00a0Al\u00e9m disso, a balan\u00e7a comercial da UE para produtos agro-alimentares mant\u00e9m-se positiva, com 21,7 mil milh\u00f5es de euros em 2018.<\/li>\n<li>Quanto a\u00a0<a href=\"https:\/\/agridata.ec.europa.eu\/extensions\/DashboardIndicators\/JobsGrowth.html\" target=\"_blank\" rel=\"noopener\" data-cke-saved-href=\"https:\/\/agridata.ec.europa.eu\/extensions\/DashboardIndicators\/JobsGrowth.html\">empregos\u00a0<\/a><a href=\"https:\/\/agridata.ec.europa.eu\/extensions\/DashboardIndicators\/JobsGrowth.html\" data-cke-saved-href=\"https:\/\/agridata.ec.europa.eu\/extensions\/DashboardIndicators\/JobsGrowth.html\">nas \u00e1reas rurais<\/a>, os dados mais recentes mostram que as taxas de pobreza est\u00e3o em decl\u00ednio e ca\u00edram 2% entre 2016 e 2017 (de 26% para 24%).\u00a0Paralelamente, a taxa de emprego nas \u00e1reas rurais aumentou 2% no mesmo per\u00edodo, de 66% para 68%.<\/li>\n<li>As\u00a0emiss\u00f5es\u00a0de\u00a0\u00a0<a href=\"https:\/\/agridata.ec.europa.eu\/extensions\/DashboardIndicators\/Climate.html\" data-cke-saved-href=\"https:\/\/agridata.ec.europa.eu\/extensions\/DashboardIndicators\/Climate.html\">nitratos da agricultura<\/a>\u00a0continuam elevadas na UE, estabilizando em 3,61 milh\u00f5es de toneladas em 2016, de 3,60 milh\u00f5es de toneladas em 2015,\u00a0em Portugal as emiss\u00f5es de nitratos seguiram as tend\u00eancias da UE mas nas emiss\u00f5es de carbono houve um ligeiro decr\u00e9scimo.<\/li>\n<\/ul>\n<div><\/div>\n","protected":false},"excerpt":{"rendered":"<p>A Comiss\u00e3o Europeia atualizou os indicadores da\u00a0pol\u00edtica agr\u00edcola comum (PAC)\u00a0que contribuem para a avalia\u00e7\u00e3o do desempenho da PAC. Nesta\u00a0\u00faltima atualiza\u00e7\u00e3o&#8230;<\/p>\n","protected":false},"author":2,"featured_media":26069,"comment_status":"closed","ping_status":"closed","sticky":false,"template":"","format":"standard","meta":{"footnotes":""},"categories":[120,1],"tags":[],"class_list":["post-26068","post","type-post","status-publish","format-standard","has-post-thumbnail","hentry","category-legislacao","category-noticias"],"translation":{"provider":"WPGlobus","version":"3.0.0","language":"en","enabled_languages":["pt","en"],"languages":{"pt":{"title":true,"content":true,"excerpt":false},"en":{"title":false,"content":false,"excerpt":false}}},"_links":{"self":[{"href":"https:\/\/www.porbatata.pt\/en\/wp-json\/wp\/v2\/posts\/26068","targetHints":{"allow":["GET"]}}],"collection":[{"href":"https:\/\/www.porbatata.pt\/en\/wp-json\/wp\/v2\/posts"}],"about":[{"href":"https:\/\/www.porbatata.pt\/en\/wp-json\/wp\/v2\/types\/post"}],"author":[{"embeddable":true,"href":"https:\/\/www.porbatata.pt\/en\/wp-json\/wp\/v2\/users\/2"}],"replies":[{"embeddable":true,"href":"https:\/\/www.porbatata.pt\/en\/wp-json\/wp\/v2\/comments?post=26068"}],"version-history":[{"count":2,"href":"https:\/\/www.porbatata.pt\/en\/wp-json\/wp\/v2\/posts\/26068\/revisions"}],"predecessor-version":[{"id":26071,"href":"https:\/\/www.porbatata.pt\/en\/wp-json\/wp\/v2\/posts\/26068\/revisions\/26071"}],"wp:featuredmedia":[{"embeddable":true,"href":"https:\/\/www.porbatata.pt\/en\/wp-json\/wp\/v2\/media\/26069"}],"wp:attachment":[{"href":"https:\/\/www.porbatata.pt\/en\/wp-json\/wp\/v2\/media?parent=26068"}],"wp:term":[{"taxonomy":"category","embeddable":true,"href":"https:\/\/www.porbatata.pt\/en\/wp-json\/wp\/v2\/categories?post=26068"},{"taxonomy":"post_tag","embeddable":true,"href":"https:\/\/www.porbatata.pt\/en\/wp-json\/wp\/v2\/tags?post=26068"}],"curies":[{"name":"wp","href":"https:\/\/api.w.org\/{rel}","templated":true}]}}