{"id":26072,"date":"2019-08-09T11:50:49","date_gmt":"2019-08-09T11:50:49","guid":{"rendered":"http:\/\/www.porbatata.pt\/?p=26072"},"modified":"2021-02-02T18:52:36","modified_gmt":"2021-02-02T18:52:36","slug":"faca-chuva-ou-faca-sol-a-batata-em-destaque","status":"publish","type":"post","link":"https:\/\/www.porbatata.pt\/en\/faca-chuva-ou-faca-sol-a-batata-em-destaque\/","title":{"rendered":"Fa\u00e7a Chuva ou fa\u00e7a sol &#8211; A batata em destaque"},"content":{"rendered":"<div>No passado dia 27 de Julho a RTP2, exibiu pelas 19.15 h o 7\u00ba epis\u00f3dio do programa &#8220;Fa\u00e7a chuva ou fa\u00e7a sol&#8221;, onde a cultura em destaque foi a batata.<\/div>\n<div>Com especial destaque para produtores de batata das zonas\u00a0 do Ribatejo e Oeste e pen\u00ednsula de Set\u00fabal, comparando realidades t\u00e3o diferentes e no entanto relativamente pr\u00f3ximas geograficamente.<\/div>\n<div>As visitas \u00e0 empresa de armazenamento,\u00a0embalamento e distribui\u00e7\u00e3o\u00a0 de batata, Manuel Patr\u00edcio &#8211; Produtos alimentares, lda, \u00e0\u00a0 Calcob &#8211; Cooperativa Agr\u00edcola de Oliveira do Bairro, que entre outras actividades se dedica ao processamento de batata fresca\u00a0 na 4\u00aa gama, seguindo-se a visita \u00e0 SIA-Aperitivos que se dedica especialmente \u00e0 industria de batata frita (chips)\u00a0 com um processamento di\u00e1rio m\u00e9dio de 50 toneladas por dia e por \u00faltimo a entrevista com Ant\u00f3nio Gomes Presidente da Porbatata.<\/div>\n<div>\n<p>Veja ou reveja este fant\u00e1stico programa sobre a batata<\/p>\n<p><a href=\"https:\/\/www.rtp.pt\/play\/p5902\/e420570\/faca-chuva-faca-sol?fbclid=IwAR35rSmbFWbPvqbTk55kkEhNGte0MPzoqf0NrrosgGx53i2DIVvPz-wSGZM\" target=\"_blank\" rel=\"noopener\" data-cke-saved-href=\"https:\/\/www.rtp.pt\/play\/p5902\/e420570\/faca-chuva-faca-sol?fbclid=IwAR35rSmbFWbPvqbTk55kkEhNGte0MPzoqf0NrrosgGx53i2DIVvPz-wSGZM\"><img loading=\"lazy\" decoding=\"async\" src=\"https:\/\/gallery.mailchimp.com\/70d2d3c7b3a3eba9d37af55bd\/images\/ae4f4385-fe68-4956-b12c-d5ffc87ebaad.png\" width=\"350\" height=\"227\" data-file-id=\"1406769\" data-cke-saved-src=\"https:\/\/gallery.mailchimp.com\/70d2d3c7b3a3eba9d37af55bd\/images\/ae4f4385-fe68-4956-b12c-d5ffc87ebaad.png\" \/><\/a><\/p>\n<\/div>\n","protected":false},"excerpt":{"rendered":"<p>No passado dia 27 de Julho a RTP2, exibiu pelas 19.15 h o 7\u00ba epis\u00f3dio do programa &#8220;Fa\u00e7a chuva ou&#8230;<\/p>\n","protected":false},"author":2,"featured_media":26074,"comment_status":"closed","ping_status":"closed","sticky":false,"template":"","format":"standard","meta":{"footnotes":""},"categories":[121,1],"tags":[],"class_list":["post-26072","post","type-post","status-publish","format-standard","has-post-thumbnail","hentry","category-institucional","category-noticias"],"translation":{"provider":"WPGlobus","version":"3.0.0","language":"en","enabled_languages":["pt","en"],"languages":{"pt":{"title":true,"content":true,"excerpt":false},"en":{"title":false,"content":false,"excerpt":false}}},"_links":{"self":[{"href":"https:\/\/www.porbatata.pt\/en\/wp-json\/wp\/v2\/posts\/26072","targetHints":{"allow":["GET"]}}],"collection":[{"href":"https:\/\/www.porbatata.pt\/en\/wp-json\/wp\/v2\/posts"}],"about":[{"href":"https:\/\/www.porbatata.pt\/en\/wp-json\/wp\/v2\/types\/post"}],"author":[{"embeddable":true,"href":"https:\/\/www.porbatata.pt\/en\/wp-json\/wp\/v2\/users\/2"}],"replies":[{"embeddable":true,"href":"https:\/\/www.porbatata.pt\/en\/wp-json\/wp\/v2\/comments?post=26072"}],"version-history":[{"count":4,"href":"https:\/\/www.porbatata.pt\/en\/wp-json\/wp\/v2\/posts\/26072\/revisions"}],"predecessor-version":[{"id":26076,"href":"https:\/\/www.porbatata.pt\/en\/wp-json\/wp\/v2\/posts\/26072\/revisions\/26076"}],"wp:featuredmedia":[{"embeddable":true,"href":"https:\/\/www.porbatata.pt\/en\/wp-json\/wp\/v2\/media\/26074"}],"wp:attachment":[{"href":"https:\/\/www.porbatata.pt\/en\/wp-json\/wp\/v2\/media?parent=26072"}],"wp:term":[{"taxonomy":"category","embeddable":true,"href":"https:\/\/www.porbatata.pt\/en\/wp-json\/wp\/v2\/categories?post=26072"},{"taxonomy":"post_tag","embeddable":true,"href":"https:\/\/www.porbatata.pt\/en\/wp-json\/wp\/v2\/tags?post=26072"}],"curies":[{"name":"wp","href":"https:\/\/api.w.org\/{rel}","templated":true}]}}