{"id":26205,"date":"2019-12-18T12:21:12","date_gmt":"2019-12-18T12:21:12","guid":{"rendered":"http:\/\/www.porbatata.pt\/?p=26205"},"modified":"2021-02-01T18:04:19","modified_gmt":"2021-02-01T18:04:19","slug":"workshop-nematodes-fitoparasitas-da-batateira","status":"publish","type":"post","link":"https:\/\/www.porbatata.pt\/en\/workshop-nematodes-fitoparasitas-da-batateira\/","title":{"rendered":"Workshop nematodes fitoparasitas da batateira"},"content":{"rendered":"<p>No \u00e2mbito do projecto PratyTech, numa parceria entre o INIAV e as Universidades de Lisboa, \u00c9vora e Coimbra, decorreu no dia 22 de novembro, no INIAV na Quinta do Marqu\u00eas, em Oeiras, o workshop sobre nematodes fitoparasitas da batateira, com o tema \u201cControlo do Nematode das les\u00f5es radiculares, <em>Pratylenchus penetrans<\/em>: uma abordagem biotecnol\u00f3gica\u201d, e reuniu a presen\u00e7a e a participa\u00e7\u00e3o dos melhores investigadores e especialistas em nematodes.<br \/>\nAs estrat\u00e9gias de controle utilizando compostos qu\u00edmicos est\u00e3o limitadas pela legisla\u00e7\u00e3o em vigor. A maioria dos nematodicidas n\u00e3o s\u00e3o espec\u00edficos, s\u00e3o altamente t\u00f3xicos e constituem uma amea\u00e7a para os ecossistemas do solo, \u00e1gua pot\u00e1vel e para a sa\u00fade humana.<br \/>\nO principal objectivo deste projecto \u00e9 identificar genes que codifiquem prote\u00ednas de P<em>ratylenchus penetrans<\/em>, que possam ser usadas como novos alvos para o desenvolvimento de estrat\u00e9gias de controle mais especificas e eficientes. Neste \u00e2mbito, foram apresentados resultados de v\u00e1rios trabalhos de investiga\u00e7\u00e3o, nomeadamente o RNA de interfer\u00eancia (RNAI), mecanismo biol\u00f3gico de regula\u00e7\u00e3o da express\u00e3o genica de c\u00e9lulas eucariotas, no qual o silenciamento de um gene pode resultar no insucesso do nematode para infectar a planta hospedeira.<br \/>\nOs nematodes fitoparasitas s\u00e3o respons\u00e1veis por grandes perdas mundiais de diversas culturas, estando os nematodes do g\u00e9nero Pratylenchus spp, em terceiro lugar deste ranking, o que est\u00e1 directamente relacionado com a sua identifica\u00e7\u00e3o em mais de 400 esp\u00e9cies de plantas.\u00a0 Os g\u00e9neros <em>Globodera<\/em> e <em>Meloidogyne<\/em> ocupam o primeiro e o segundo lugar no ranking das perdas mundiais das culturas.<br \/>\nA apresenta\u00e7\u00e3o da DGAV salientando a import\u00e2ncia econ\u00f3mica da cultura da batata, referindo que as pragas da batateira no geral e as de quarentena em particular s\u00e3o uma preocupa\u00e7\u00e3o para as entidades oficiais, que dirigem os seus esfor\u00e7os no sentido de encontrar solu\u00e7\u00f5es de forma a prevenir, controlar, minimizar e se poss\u00edvel erradicar, as pragas de quarentena,\u00a0onde se incluem os nematodes do g\u00e9nero <em>Globodera<\/em> ou nematodes dos quistos.<br \/>\nO uso de <a href=\"https:\/\/drive.google.com\/open?id=1V_ciEGGBqjAGgeRE1frcRtmADGyQOUc0\" target=\"_blank\" rel=\"noopener\" data-cke-saved-href=\"https:\/\/drive.google.com\/open?id=1V_ciEGGBqjAGgeRE1frcRtmADGyQOUc0\"><u>variedades de batata resistentes aos g\u00e9neros G. pallida e G. rostochiensis<\/u><\/a> \u00e9 uma das medidas fitosanitarias definidas pelo Plano de prospec\u00e7\u00e3o anual de organismos de quarentena podendo o produtor agr\u00edcola ver reduzido de 6 para 3 anos, o per\u00edodo de quarentena nas parcelas afectadas. Poder\u00e1 consultar a lista oficial divulgada pela DGAV <a href=\"https:\/\/drive.google.com\/open?id=1V_ciEGGBqjAGgeRE1frcRtmADGyQOUc0\" target=\"_blank\" rel=\"noopener\" data-cke-saved-href=\"https:\/\/drive.google.com\/open?id=1V_ciEGGBqjAGgeRE1frcRtmADGyQOUc0\">aqui.<\/a> Uma das conclus\u00f5es apresentadas pelo NemaINIAV foi que nos \u00faltimos anos tem aumentado as popula\u00e7\u00f5es de <em>G. pallida<\/em> em detrimento da <em>G. rostochiensis<\/em>, um dos factores apontados ser\u00e1 o grau mais elevado de resist\u00eancia ao <em>G.rostochiensis <\/em>das variedades de batata utilizadas.<br \/>\nNa sequ\u00eancia deste evento, e por forma a aproximar mais a produ\u00e7\u00e3o da investiga\u00e7\u00e3o e \u00e0 semelhan\u00e7a do que aconteceu no caso do Epitrix, a Porbatata ir\u00e1 colaborar com o INIAV, selecionando as variedades de batata, a constar nos estudos de resist\u00eancias aos nematodes.<\/p>\n","protected":false},"excerpt":{"rendered":"<p>No \u00e2mbito do projecto PratyTech, numa parceria entre o INIAV e as Universidades de Lisboa, \u00c9vora e Coimbra, decorreu no&#8230;<\/p>\n","protected":false},"author":2,"featured_media":26206,"comment_status":"closed","ping_status":"closed","sticky":false,"template":"","format":"standard","meta":{"footnotes":""},"categories":[117,1],"tags":[],"class_list":["post-26205","post","type-post","status-publish","format-standard","has-post-thumbnail","hentry","category-fitossanidade","category-noticias"],"translation":{"provider":"WPGlobus","version":"3.0.0","language":"en","enabled_languages":["pt","en"],"languages":{"pt":{"title":true,"content":true,"excerpt":false},"en":{"title":false,"content":false,"excerpt":false}}},"_links":{"self":[{"href":"https:\/\/www.porbatata.pt\/en\/wp-json\/wp\/v2\/posts\/26205","targetHints":{"allow":["GET"]}}],"collection":[{"href":"https:\/\/www.porbatata.pt\/en\/wp-json\/wp\/v2\/posts"}],"about":[{"href":"https:\/\/www.porbatata.pt\/en\/wp-json\/wp\/v2\/types\/post"}],"author":[{"embeddable":true,"href":"https:\/\/www.porbatata.pt\/en\/wp-json\/wp\/v2\/users\/2"}],"replies":[{"embeddable":true,"href":"https:\/\/www.porbatata.pt\/en\/wp-json\/wp\/v2\/comments?post=26205"}],"version-history":[{"count":2,"href":"https:\/\/www.porbatata.pt\/en\/wp-json\/wp\/v2\/posts\/26205\/revisions"}],"predecessor-version":[{"id":26208,"href":"https:\/\/www.porbatata.pt\/en\/wp-json\/wp\/v2\/posts\/26205\/revisions\/26208"}],"wp:featuredmedia":[{"embeddable":true,"href":"https:\/\/www.porbatata.pt\/en\/wp-json\/wp\/v2\/media\/26206"}],"wp:attachment":[{"href":"https:\/\/www.porbatata.pt\/en\/wp-json\/wp\/v2\/media?parent=26205"}],"wp:term":[{"taxonomy":"category","embeddable":true,"href":"https:\/\/www.porbatata.pt\/en\/wp-json\/wp\/v2\/categories?post=26205"},{"taxonomy":"post_tag","embeddable":true,"href":"https:\/\/www.porbatata.pt\/en\/wp-json\/wp\/v2\/tags?post=26205"}],"curies":[{"name":"wp","href":"https:\/\/api.w.org\/{rel}","templated":true}]}}