{"id":26213,"date":"2019-12-18T12:49:31","date_gmt":"2019-12-18T12:49:31","guid":{"rendered":"http:\/\/www.porbatata.pt\/?p=26213"},"modified":"2021-02-01T18:03:56","modified_gmt":"2021-02-01T18:03:56","slug":"assembleia-geral-e-novos-corpos-sociais-para-2019-2022","status":"publish","type":"post","link":"https:\/\/www.porbatata.pt\/en\/assembleia-geral-e-novos-corpos-sociais-para-2019-2022\/","title":{"rendered":"Assembleia Geral e Novos Corpos Sociais para 2019-2022"},"content":{"rendered":"<p>No passado dia 5 de dezembro, decorreu a Assembleia Geral da Porbatata. A ordem de trabalhos foi, al\u00e9m da apresenta\u00e7\u00e3o do Plano de Actividades e Or\u00e7amento para 2020 a elei\u00e7\u00e3o dos Novos Corpos sociais para o pr\u00f3ximo tri\u00e9nio de 2019 \u2013 2022.<br \/>\nO Plano de Actividades e Or\u00e7amento para 2020 \u00e9 ambicioso, no entanto perfeitamente exequ\u00edvel, apesar de condicionado \u00e0 aprova\u00e7\u00e3o de um projecto de Internacionaliza\u00e7\u00e3o, j\u00e1 submetido ao IAPMEI e ainda em an\u00e1lise. Das actividades com mais visibilidade e que a Porbatata se prop\u00f5e a executar independentemente da aprova\u00e7\u00e3o do projecto, destacamos a participa\u00e7\u00e3o na Agroglobal 2020, a renova\u00e7\u00e3o da Campanha de Promo\u00e7\u00e3o da Batata Portuguesa e a segunda edi\u00e7\u00e3o da revista anual da Porbatata.<\/p>\n<p>A \u00fanica lista proposta a elei\u00e7\u00f5es para os Corpos Sociais da Porbatata para o tri\u00e9nio 2019-2022, foi eleita por unanimidade, sendo\u00a0a sua composi\u00e7\u00e3o e o respectivo representante, a\u00a0seguinte:<\/p>\n<p><strong>MESA DA ASSEMBLEIA GERAL<\/strong><br \/>\nPresidente: CAMPOTEC, S.A.- Jos\u00e9 Burnay<br \/>\nVice-Presidente: HZPC Portugal, Lda &#8211; Paulo Sim\u00f5es<br \/>\nSecret\u00e1rio: ADVICE AGRIBUSINESS, Lda &#8211; S\u00e9rgio Marga\u00e7o<\/p>\n<p><strong>DIREC\u00c7\u00c3O:<\/strong><br \/>\nPresidente: LOURICOOP, CRL &#8211; Ant\u00f3nio Gomes<br \/>\nVice-Presidente: FLORIMOND DESPREZ, S.A. &#8211; Rubens Oliveira<br \/>\nVice-Presidente: SIA APERITIVOS, S.A. &#8211; Pedro Santos<br \/>\nVice-Presidente: BATATAS MIRENSE, Lda &#8211; Tiago Janicas<br \/>\nVice-Presidente: TORRIBA, S.A. &#8211; Rodrigo Vinagre<br \/>\nSuplente: CALCOB, CRL &#8211; Fernando Silva<\/p>\n<p><strong>CONSELHO FISCAL<\/strong><br \/>\nPresidente: AGROMAIS, CRL &#8211; Jorge Neves<br \/>\nVogal: BACEFRUT, Lda &#8211; T\u00e2nia Fonseca<br \/>\nVogal: EUROBATATA, Lda &#8211; Almerinda Belchior<br \/>\nSuplente: HORTA PRONTA, S.A. &#8211; Carlos Miguel Marques<\/p>\n","protected":false},"excerpt":{"rendered":"<p>No passado dia 5 de dezembro, decorreu a Assembleia Geral da Porbatata. A ordem de trabalhos foi, al\u00e9m da apresenta\u00e7\u00e3o&#8230;<\/p>\n","protected":false},"author":2,"featured_media":26214,"comment_status":"closed","ping_status":"closed","sticky":false,"template":"","format":"standard","meta":{"footnotes":""},"categories":[121,1],"tags":[],"class_list":["post-26213","post","type-post","status-publish","format-standard","has-post-thumbnail","hentry","category-institucional","category-noticias"],"translation":{"provider":"WPGlobus","version":"3.0.0","language":"en","enabled_languages":["pt","en"],"languages":{"pt":{"title":true,"content":true,"excerpt":false},"en":{"title":false,"content":false,"excerpt":false}}},"_links":{"self":[{"href":"https:\/\/www.porbatata.pt\/en\/wp-json\/wp\/v2\/posts\/26213","targetHints":{"allow":["GET"]}}],"collection":[{"href":"https:\/\/www.porbatata.pt\/en\/wp-json\/wp\/v2\/posts"}],"about":[{"href":"https:\/\/www.porbatata.pt\/en\/wp-json\/wp\/v2\/types\/post"}],"author":[{"embeddable":true,"href":"https:\/\/www.porbatata.pt\/en\/wp-json\/wp\/v2\/users\/2"}],"replies":[{"embeddable":true,"href":"https:\/\/www.porbatata.pt\/en\/wp-json\/wp\/v2\/comments?post=26213"}],"version-history":[{"count":2,"href":"https:\/\/www.porbatata.pt\/en\/wp-json\/wp\/v2\/posts\/26213\/revisions"}],"predecessor-version":[{"id":26216,"href":"https:\/\/www.porbatata.pt\/en\/wp-json\/wp\/v2\/posts\/26213\/revisions\/26216"}],"wp:featuredmedia":[{"embeddable":true,"href":"https:\/\/www.porbatata.pt\/en\/wp-json\/wp\/v2\/media\/26214"}],"wp:attachment":[{"href":"https:\/\/www.porbatata.pt\/en\/wp-json\/wp\/v2\/media?parent=26213"}],"wp:term":[{"taxonomy":"category","embeddable":true,"href":"https:\/\/www.porbatata.pt\/en\/wp-json\/wp\/v2\/categories?post=26213"},{"taxonomy":"post_tag","embeddable":true,"href":"https:\/\/www.porbatata.pt\/en\/wp-json\/wp\/v2\/tags?post=26213"}],"curies":[{"name":"wp","href":"https:\/\/api.w.org\/{rel}","templated":true}]}}