{"id":26386,"date":"2020-02-20T17:13:39","date_gmt":"2020-02-20T17:13:39","guid":{"rendered":"http:\/\/www.porbatata.pt\/?p=26386"},"modified":"2021-02-01T17:57:04","modified_gmt":"2021-02-01T17:57:04","slug":"tecia-salonivora-nova-delimitacao-e-suspensao-de-proibicao-de-plantar-batata-em-alguns-municipios-da-galiza","status":"publish","type":"post","link":"https:\/\/www.porbatata.pt\/en\/tecia-salonivora-nova-delimitacao-e-suspensao-de-proibicao-de-plantar-batata-em-alguns-municipios-da-galiza\/","title":{"rendered":"Tecia salonivora &#8211; Nova delimita\u00e7\u00e3o e suspens\u00e3o de proibi\u00e7\u00e3o de plantar batata em alguns munic\u00edpios da Galiza"},"content":{"rendered":"<p>Boas not\u00edcias para a fileira da batata portuguesa, em rela\u00e7\u00e3o \u00e0 praga de quarentena <em>Tecia Salonivora<\/em>.<br \/>\nFoi publicado no passado m\u00eas de janeiro no Di\u00e1rio Oficial da Galiza a resolu\u00e7\u00e3o de suspens\u00e3o de plantar batatas em nove munic\u00edpios, dentro da zona demarcada com restri\u00e7\u00f5es devidas \u00e0 <em>Tecia salonivora,<\/em> nas prov\u00edncias da Corunha e Lugo.\u00a0A redu\u00e7\u00e3o do n\u00famero de capturas da praga, nos \u00faltimos dois anos, nestas zonas demarcadas a norte de Espanha, permite levantar as restri\u00e7\u00f5es impostas para o seu controle. Estes munic\u00edpios continuar\u00e3o a ser monitorizados pelos servi\u00e7os do Minist\u00e9rio da Agricultura, podendo plantar batatas, mas continuando dentro da zona de vigil\u00e2ncia demarcada como zona-tamp\u00e3o. A mesma resolu\u00e7\u00e3o determina que seis munic\u00edpios tamb\u00e9m da Corunha e Lugo, sejam\u00a0exclu\u00eddos da zona-tamp\u00e3o, deixando\u00a0de estar sujeitos a restri\u00e7\u00f5es e controle.<br \/>\nAssim, constata-se que as medidas de controle impostas pelo Plano de Conting\u00eancia da <em>Tecia salonivora<\/em> de Espanha, est\u00e3o a ser eficazes e os resultados permitem controlar a expans\u00e3o da tra\u00e7a, o que \u00e9 bastante positivo para o sector Portugu\u00eas, tal n\u00e3o invalida continuarmos atentos e vigilantes, conforme previsto no Plano de conting\u00eancia da <em>Tecia salonivora<\/em> Portugu\u00eas.<\/p>\n","protected":false},"excerpt":{"rendered":"<p>Boas not\u00edcias para a fileira da batata portuguesa, em rela\u00e7\u00e3o \u00e0 praga de quarentena Tecia Salonivora. Foi publicado no passado&#8230;<\/p>\n","protected":false},"author":2,"featured_media":26387,"comment_status":"closed","ping_status":"closed","sticky":false,"template":"","format":"standard","meta":{"footnotes":""},"categories":[120,117,1],"tags":[],"class_list":["post-26386","post","type-post","status-publish","format-standard","has-post-thumbnail","hentry","category-legislacao","category-fitossanidade","category-noticias"],"translation":{"provider":"WPGlobus","version":"3.0.0","language":"en","enabled_languages":["pt","en"],"languages":{"pt":{"title":true,"content":true,"excerpt":false},"en":{"title":false,"content":false,"excerpt":false}}},"_links":{"self":[{"href":"https:\/\/www.porbatata.pt\/en\/wp-json\/wp\/v2\/posts\/26386","targetHints":{"allow":["GET"]}}],"collection":[{"href":"https:\/\/www.porbatata.pt\/en\/wp-json\/wp\/v2\/posts"}],"about":[{"href":"https:\/\/www.porbatata.pt\/en\/wp-json\/wp\/v2\/types\/post"}],"author":[{"embeddable":true,"href":"https:\/\/www.porbatata.pt\/en\/wp-json\/wp\/v2\/users\/2"}],"replies":[{"embeddable":true,"href":"https:\/\/www.porbatata.pt\/en\/wp-json\/wp\/v2\/comments?post=26386"}],"version-history":[{"count":2,"href":"https:\/\/www.porbatata.pt\/en\/wp-json\/wp\/v2\/posts\/26386\/revisions"}],"predecessor-version":[{"id":26389,"href":"https:\/\/www.porbatata.pt\/en\/wp-json\/wp\/v2\/posts\/26386\/revisions\/26389"}],"wp:featuredmedia":[{"embeddable":true,"href":"https:\/\/www.porbatata.pt\/en\/wp-json\/wp\/v2\/media\/26387"}],"wp:attachment":[{"href":"https:\/\/www.porbatata.pt\/en\/wp-json\/wp\/v2\/media?parent=26386"}],"wp:term":[{"taxonomy":"category","embeddable":true,"href":"https:\/\/www.porbatata.pt\/en\/wp-json\/wp\/v2\/categories?post=26386"},{"taxonomy":"post_tag","embeddable":true,"href":"https:\/\/www.porbatata.pt\/en\/wp-json\/wp\/v2\/tags?post=26386"}],"curies":[{"name":"wp","href":"https:\/\/api.w.org\/{rel}","templated":true}]}}