{"id":26448,"date":"2020-04-24T12:40:40","date_gmt":"2020-04-24T12:40:40","guid":{"rendered":"http:\/\/www.porbatata.pt\/?p=26448"},"modified":"2021-02-02T19:15:23","modified_gmt":"2021-02-02T19:15:23","slug":"area-de-batata-na-campanha-de-2020","status":"publish","type":"post","link":"https:\/\/www.porbatata.pt\/en\/area-de-batata-na-campanha-de-2020\/","title":{"rendered":"\u00c1rea de batata na campanha de 2020"},"content":{"rendered":"<p>Segundo o Boletim Mensal de Agricultura e Pescas do INE de Abril de 2020: \u201cQuanto \u00e0 batata, e apesar da indecis\u00e3o de alguns produtores em avan\u00e7ar com a cultura face \u00e0 previs\u00edvel diminui\u00e7\u00e3o da procura (resultante dos condicionalismos impostos para combater a pandemia COVID-19), prev\u00ea-se a manuten\u00e7\u00e3o da \u00e1rea plantada em 2019 (21 mil hectares).<br \/>\nAs planta\u00e7\u00f5es de batata, quer de sequeiro, quer de regadio, est\u00e3o a decorrer com normalidade. Apesar da incerteza que as restri\u00e7\u00f5es impostas no \u00e2mbito da pandemia COVID-19 provocaram em alguns produtores, nomeadamente face \u00e0 potencial redu\u00e7\u00e3o da procura (com o encerramento de estabelecimentos de restaura\u00e7\u00e3o, as limita\u00e7\u00f5es nas desloca\u00e7\u00f5es e no regresso de emigrantes e as quebras no turismo e no poder de compra de muitas fam\u00edlias), n\u00e3o se prev\u00ea uma diminui\u00e7\u00e3o da \u00e1rea plantada face \u00e0 campanha anterior. A generalidade dos batatais apresenta povoamentos homog\u00e9neos e bom desenvolvimento vegetativo.\u201d<br \/>\nNo entanto temos indica\u00e7\u00e3o de que as vendas de batata semente s\u00e3o inferiores \u00e0 campanha do ano passado. Segundo informa\u00e7\u00e3o de alguns associados da Porbatata, a \u00e1rea de batata plantada na campanha de 2020 poder\u00e1 ser inferior \u00e0 do ano passado, pelo que a informa\u00e7\u00e3o acima poder\u00e1 n\u00e3o corresponder totalmente \u00e0 realidade.<\/p>\n<p>Consulte<a href=\"https:\/\/drive.google.com\/open?id=1ro7rQJSK42DtDS0ATbCQ2eKpO1KUCLUy\" target=\"_blank\" rel=\"noopener\" data-cke-saved-href=\"https:\/\/drive.google.com\/open?id=1ro7rQJSK42DtDS0ATbCQ2eKpO1KUCLUy\"> aqui<\/a> o Boletim do INE na integra.<\/p>\n","protected":false},"excerpt":{"rendered":"<p>Segundo o Boletim Mensal de Agricultura e Pescas do INE de Abril de 2020: \u201cQuanto \u00e0 batata, e apesar da&#8230;<\/p>\n","protected":false},"author":2,"featured_media":26449,"comment_status":"closed","ping_status":"closed","sticky":false,"template":"","format":"standard","meta":{"footnotes":""},"categories":[120,1],"tags":[],"class_list":["post-26448","post","type-post","status-publish","format-standard","has-post-thumbnail","hentry","category-legislacao","category-noticias"],"translation":{"provider":"WPGlobus","version":"3.0.0","language":"en","enabled_languages":["pt","en"],"languages":{"pt":{"title":true,"content":true,"excerpt":false},"en":{"title":false,"content":false,"excerpt":false}}},"_links":{"self":[{"href":"https:\/\/www.porbatata.pt\/en\/wp-json\/wp\/v2\/posts\/26448","targetHints":{"allow":["GET"]}}],"collection":[{"href":"https:\/\/www.porbatata.pt\/en\/wp-json\/wp\/v2\/posts"}],"about":[{"href":"https:\/\/www.porbatata.pt\/en\/wp-json\/wp\/v2\/types\/post"}],"author":[{"embeddable":true,"href":"https:\/\/www.porbatata.pt\/en\/wp-json\/wp\/v2\/users\/2"}],"replies":[{"embeddable":true,"href":"https:\/\/www.porbatata.pt\/en\/wp-json\/wp\/v2\/comments?post=26448"}],"version-history":[{"count":2,"href":"https:\/\/www.porbatata.pt\/en\/wp-json\/wp\/v2\/posts\/26448\/revisions"}],"predecessor-version":[{"id":26451,"href":"https:\/\/www.porbatata.pt\/en\/wp-json\/wp\/v2\/posts\/26448\/revisions\/26451"}],"wp:featuredmedia":[{"embeddable":true,"href":"https:\/\/www.porbatata.pt\/en\/wp-json\/wp\/v2\/media\/26449"}],"wp:attachment":[{"href":"https:\/\/www.porbatata.pt\/en\/wp-json\/wp\/v2\/media?parent=26448"}],"wp:term":[{"taxonomy":"category","embeddable":true,"href":"https:\/\/www.porbatata.pt\/en\/wp-json\/wp\/v2\/categories?post=26448"},{"taxonomy":"post_tag","embeddable":true,"href":"https:\/\/www.porbatata.pt\/en\/wp-json\/wp\/v2\/tags?post=26448"}],"curies":[{"name":"wp","href":"https:\/\/api.w.org\/{rel}","templated":true}]}}