{"id":26487,"date":"2020-06-19T16:29:25","date_gmt":"2020-06-19T16:29:25","guid":{"rendered":"http:\/\/www.porbatata.pt\/?p=26487"},"modified":"2021-02-02T19:14:17","modified_gmt":"2021-02-02T19:14:17","slug":"impactos-do-covid-19-na-agricultura-e-comercio","status":"publish","type":"post","link":"https:\/\/www.porbatata.pt\/en\/impactos-do-covid-19-na-agricultura-e-comercio\/","title":{"rendered":"Impactos do covid &#8211; 19 na agricultura e com\u00e9rcio"},"content":{"rendered":"<p><strong>Impactos do COVID-19 na comunidade agr\u00edcola global: O<\/strong><span style=\"font-family: lato, 'helvetica neue', helvetica, arial, sans-serif;\">\u00a0COVID-19 e os bloqueios associados tiveram um enorme impacto no sector agr\u00edcola e na cadeia alimentar globais, trazendo uma s\u00e9rie de desafios e oportunidades de crescimento.\u00a0O\u00a0<\/span><a href=\"https:\/\/informaconnect.com\/covid-19-impacts-global-agriculture-community\/?utm_medium=email&amp;utm_campaign=Content%2FAgriculture%20Audience%20Home%2FRound%20up%206&amp;utm_source=Agriculture%20Content%20Newsletters&amp;user_id=900073897227&amp;tracker_id=02WXUJ8EA&amp;segments=none\" target=\"_blank\" rel=\"noopener\" data-cke-saved-href=\"https:\/\/informaconnect.com\/covid-19-impacts-global-agriculture-community\/?utm_medium=email&amp;utm_campaign=Content%2FAgriculture%20Audience%20Home%2FRound%20up%206&amp;utm_source=Agriculture%20Content%20Newsletters&amp;user_id=900073897227&amp;tracker_id=02WXUJ8EA&amp;segments=none\">relat\u00f3rio interativo<\/a><span style=\"font-family: lato, 'helvetica neue', helvetica, arial, sans-serif;\">\u00a0combinado\u00a0da New Ag International e da Informa Connect Life Sciences explora esses impactos por meio de dados de pesquisas originais do sector e um painel de v\u00eddeo com algumas das principais figuras da agricultura global.<\/span><br \/>\n<strong>Segundo relat\u00f3rio da Comiss\u00e3o sobre o impacto do coronav\u00edrus no com\u00e9rcio da UE:<\/strong><span style=\"font-family: lato, 'helvetica neue', helvetica, arial, sans-serif;\">\u00a0De acordo com as estimativas actualizadas da Comiss\u00e3o, a pandemia de coronav\u00edrus resultar\u00e1 numa diminui\u00e7\u00e3o do com\u00e9rcio global entre 10% e 16% em 2020. Para a UE27, a redu\u00e7\u00e3o prevista dever\u00e1 ficar entre 9% e 15% para exporta\u00e7\u00f5es e 11% e 14% para importa\u00e7\u00f5es de pa\u00edses n\u00e3o pertencentes \u00e0 UE (bens e servi\u00e7os combinados).\u00a0A crescente propaga\u00e7\u00e3o do v\u00edrus levou muitos pa\u00edses a fechar temporariamente os neg\u00f3cios e a restringir as viagens e o movimento de pessoas.\u00a0Essas medidas levar\u00e3o a fortes contrac\u00e7\u00f5es no n\u00edvel de produ\u00e7\u00e3o econ\u00f3mica, gastos das fam\u00edlias, investimentos e com\u00e9rcio internacional.<\/span><br \/>\n<a href=\"https:\/\/trade.ec.europa.eu\/doclib\/press\/index.cfm?id=2150\" target=\"_blank\" rel=\"noopener\" data-cke-saved-href=\"https:\/\/trade.ec.europa.eu\/doclib\/press\/index.cfm?id=2150\">Consulte mais\u00a0informa\u00e7\u00e3o aqui<\/a><\/p>\n","protected":false},"excerpt":{"rendered":"<p>Impactos do COVID-19 na comunidade agr\u00edcola global: O\u00a0COVID-19 e os bloqueios associados tiveram um enorme impacto no sector agr\u00edcola e&#8230;<\/p>\n","protected":false},"author":2,"featured_media":26488,"comment_status":"closed","ping_status":"closed","sticky":false,"template":"","format":"standard","meta":{"footnotes":""},"categories":[120,1],"tags":[],"class_list":["post-26487","post","type-post","status-publish","format-standard","has-post-thumbnail","hentry","category-legislacao","category-noticias"],"translation":{"provider":"WPGlobus","version":"3.0.0","language":"en","enabled_languages":["pt","en"],"languages":{"pt":{"title":true,"content":true,"excerpt":false},"en":{"title":false,"content":false,"excerpt":false}}},"_links":{"self":[{"href":"https:\/\/www.porbatata.pt\/en\/wp-json\/wp\/v2\/posts\/26487","targetHints":{"allow":["GET"]}}],"collection":[{"href":"https:\/\/www.porbatata.pt\/en\/wp-json\/wp\/v2\/posts"}],"about":[{"href":"https:\/\/www.porbatata.pt\/en\/wp-json\/wp\/v2\/types\/post"}],"author":[{"embeddable":true,"href":"https:\/\/www.porbatata.pt\/en\/wp-json\/wp\/v2\/users\/2"}],"replies":[{"embeddable":true,"href":"https:\/\/www.porbatata.pt\/en\/wp-json\/wp\/v2\/comments?post=26487"}],"version-history":[{"count":2,"href":"https:\/\/www.porbatata.pt\/en\/wp-json\/wp\/v2\/posts\/26487\/revisions"}],"predecessor-version":[{"id":26490,"href":"https:\/\/www.porbatata.pt\/en\/wp-json\/wp\/v2\/posts\/26487\/revisions\/26490"}],"wp:featuredmedia":[{"embeddable":true,"href":"https:\/\/www.porbatata.pt\/en\/wp-json\/wp\/v2\/media\/26488"}],"wp:attachment":[{"href":"https:\/\/www.porbatata.pt\/en\/wp-json\/wp\/v2\/media?parent=26487"}],"wp:term":[{"taxonomy":"category","embeddable":true,"href":"https:\/\/www.porbatata.pt\/en\/wp-json\/wp\/v2\/categories?post=26487"},{"taxonomy":"post_tag","embeddable":true,"href":"https:\/\/www.porbatata.pt\/en\/wp-json\/wp\/v2\/tags?post=26487"}],"curies":[{"name":"wp","href":"https:\/\/api.w.org\/{rel}","templated":true}]}}