{"id":26500,"date":"2020-06-19T16:58:42","date_gmt":"2020-06-19T16:58:42","guid":{"rendered":"http:\/\/www.porbatata.pt\/?p=26500"},"modified":"2021-02-02T19:14:04","modified_gmt":"2021-02-02T19:14:04","slug":"vamos-por-a-batata-em-pratos-limpos","status":"publish","type":"post","link":"https:\/\/www.porbatata.pt\/en\/vamos-por-a-batata-em-pratos-limpos\/","title":{"rendered":"VAMOS POR A BATATA EM PRATOS LIMPOS?"},"content":{"rendered":"<p>No passado dia 27 de maio, a Porbatata lan\u00e7ou uma campanha de promo\u00e7\u00e3o da batata portuguesa, para colocar a batata portuguesa no lugar certo, ou seja, \u00e0 mesa dos portugueses.<br \/>\nSob o lema \u201cVamos por a batata em pratos limpos?\u201d \u00e9 o desafio lan\u00e7ado num <a href=\"https:\/\/youtu.be\/QQtEmXd4DPo\" target=\"_blank\" rel=\"noopener\" data-cke-saved-href=\"https:\/\/youtu.be\/QQtEmXd4DPo\">v\u00eddeo<\/a>, divulgada nas redes sociais, que pretende sensibilizar o consumidor, enaltecer as vantagens nutricionais e os atributos da batata, apelando ao consumo, naquela que \u00e9 a \u00e9poca de produ\u00e7\u00e3o de batata portuguesa mais forte do ano, ou seja entre maio e setembro.<br \/>\nPretende-se com esta iniciativa, desconstruir alguns dos mitos associados ao consumo da batata e destacar a import\u00e2ncia da batata como alimento saud\u00e1vel na dieta mediterr\u00e2nica.\u00a0 No <a href=\"https:\/\/youtu.be\/QQtEmXd4DPo\" target=\"_blank\" rel=\"noopener\" data-cke-saved-href=\"https:\/\/youtu.be\/QQtEmXd4DPo\">v\u00eddeo<\/a>, \u00e9 sublinhado que a batata \u00e9 uma excelente fonte de energia, utilizada da cabe\u00e7a aos p\u00e9s (zero desperd\u00edcio) e fonte de vitaminas, pot\u00e1ssio e c\u00e1lcio. \u00c9 um pilar da gastronomia portuguesa, presente nos momentos de maior partilha. \u201cSou batata portuguesa \u2013 No lugar certo, na sua mesa\u201d \u00e9 o repto deixado.<br \/>\nA campanha da Porbatata tem o apoio institucional do Minist\u00e9rio da Agricultura e conta com a parceria do Cr\u00e9dito Agr\u00edcola.<br \/>\nA campanha amplamente divulgada nas redes sociais, na imprensa escrita, na televis\u00e3o foi tamb\u00e9m divulgada em algumas das cadeias da grande distribui\u00e7\u00e3o.<br \/>\nVeja o video <a href=\"https:\/\/youtu.be\/QQtEmXd4DPo\" target=\"_blank\" rel=\"noopener\" data-cke-saved-href=\"https:\/\/youtu.be\/QQtEmXd4DPo\">aqui<\/a><\/p>\n","protected":false},"excerpt":{"rendered":"<p>No passado dia 27 de maio, a Porbatata lan\u00e7ou uma campanha de promo\u00e7\u00e3o da batata portuguesa, para colocar a batata&#8230;<\/p>\n","protected":false},"author":2,"featured_media":26501,"comment_status":"closed","ping_status":"closed","sticky":false,"template":"","format":"standard","meta":{"footnotes":""},"categories":[104,121,1],"tags":[],"class_list":["post-26500","post","type-post","status-publish","format-standard","has-post-thumbnail","hentry","category-agenda","category-institucional","category-noticias"],"translation":{"provider":"WPGlobus","version":"3.0.0","language":"en","enabled_languages":["pt","en"],"languages":{"pt":{"title":true,"content":true,"excerpt":false},"en":{"title":false,"content":false,"excerpt":false}}},"_links":{"self":[{"href":"https:\/\/www.porbatata.pt\/en\/wp-json\/wp\/v2\/posts\/26500","targetHints":{"allow":["GET"]}}],"collection":[{"href":"https:\/\/www.porbatata.pt\/en\/wp-json\/wp\/v2\/posts"}],"about":[{"href":"https:\/\/www.porbatata.pt\/en\/wp-json\/wp\/v2\/types\/post"}],"author":[{"embeddable":true,"href":"https:\/\/www.porbatata.pt\/en\/wp-json\/wp\/v2\/users\/2"}],"replies":[{"embeddable":true,"href":"https:\/\/www.porbatata.pt\/en\/wp-json\/wp\/v2\/comments?post=26500"}],"version-history":[{"count":2,"href":"https:\/\/www.porbatata.pt\/en\/wp-json\/wp\/v2\/posts\/26500\/revisions"}],"predecessor-version":[{"id":26503,"href":"https:\/\/www.porbatata.pt\/en\/wp-json\/wp\/v2\/posts\/26500\/revisions\/26503"}],"wp:featuredmedia":[{"embeddable":true,"href":"https:\/\/www.porbatata.pt\/en\/wp-json\/wp\/v2\/media\/26501"}],"wp:attachment":[{"href":"https:\/\/www.porbatata.pt\/en\/wp-json\/wp\/v2\/media?parent=26500"}],"wp:term":[{"taxonomy":"category","embeddable":true,"href":"https:\/\/www.porbatata.pt\/en\/wp-json\/wp\/v2\/categories?post=26500"},{"taxonomy":"post_tag","embeddable":true,"href":"https:\/\/www.porbatata.pt\/en\/wp-json\/wp\/v2\/tags?post=26500"}],"curies":[{"name":"wp","href":"https:\/\/api.w.org\/{rel}","templated":true}]}}