{"id":26509,"date":"2020-08-21T15:54:15","date_gmt":"2020-08-21T15:54:15","guid":{"rendered":"http:\/\/www.porbatata.pt\/?p=26509"},"modified":"2021-02-01T14:48:26","modified_gmt":"2021-02-01T14:48:26","slug":"dinamica-na-presidencia-da-porbatata","status":"publish","type":"post","link":"https:\/\/www.porbatata.pt\/en\/dinamica-na-presidencia-da-porbatata\/","title":{"rendered":"DIN\u00c2MICA NA PRESID\u00caNCIA\u00a0DA\u00a0PORBATATA"},"content":{"rendered":"<p><span style=\"font-family: lato, 'helvetica neue', helvetica, arial, sans-serif;\">As mudan\u00e7as acontecem com alguma frequ\u00eancia e vem, sempre acompanhadas de d\u00favidas, incertezas e expectativas. Apesar de nem sempre agrad\u00e1veis no imediato, as mudan\u00e7as s\u00e3o sempre boas, colocam-nos \u00e0 prova, fazem-nos sair da nossa zona de conforto, por vezes alcan\u00e7ar metas inimagin\u00e1veis, fazem-nos crescer, evoluir, tornarmo-nos melhores ou talvez s\u00f3 mais experientes\u2026<\/span><br \/>\n<span style=\"font-family: lato, 'helvetica neue', helvetica, arial, sans-serif;\">Seja como for o ano de 2020 trouxe mudan\u00e7as a v\u00e1rios n\u00edveis a todos n\u00f3s.<\/span><br \/>\n<span style=\"font-family: lato, 'helvetica neue', helvetica, arial, sans-serif;\">N\u00e3o por influ\u00eancia do Covid-19, mas a sa\u00edda do Ant\u00f3nio Gomes da Presid\u00eancia da Direc\u00e7\u00e3o Porbatata no final de Abril de 2020, j\u00e1 estava tra\u00e7ada, no entanto n\u00e3o deixou de trazer a toda a estrutura da Porbatata alguma agita\u00e7\u00e3o.\u00a0<\/span><br \/>\n<span style=\"font-family: lato, 'helvetica neue', helvetica, arial, sans-serif;\">Pessoalmente conheci o Ant\u00f3nio Gomes ainda estudante e n\u00e3o poderia deixar de escrever sobre a sua passagem pela Porbatata, enaltecendo o seu magnifico trabalho enquanto primeiro Presidente da Associa\u00e7\u00e3o da Batata de Portugal, pois para mim foi e ser\u00e1 sempre uma refer\u00eancia no sector associativo, em particular no sector da batata. Um ser humano de excel\u00eancia, de valores irrepreens\u00edveis, muito com ele aprendi, n\u00e3o s\u00f3 ao n\u00edvel profissional, mas tamb\u00e9m pessoal.<\/span><br \/>\n<span style=\"font-family: lato, 'helvetica neue', helvetica, arial, sans-serif;\">Pedi-lhe para escrever um pequeno artigo sobre a sua passagem pela Porbatata, mas os dias, semanas e meses at\u00e9, foram passando e nada de artigo\u2026 At\u00e9 que decidi que o melhor seria recolher o seu depoimento numa \u201cpequena\u201d entrevista, (sim pequena,\u00a0 porque apesar de extensa,\u00a0muito haveria para dizer):<\/span><br \/>\n<strong>Ant\u00f3nio \u00e9s uma refer\u00eancia no sector da batata, e estiveste na origem da Porbatata, qual foi a tua motiva\u00e7\u00e3o, para estares na sua origem?<\/strong><br \/>\n<strong>Ant\u00f3nio Gomes: <\/strong><span style=\"font-family: lato, 'helvetica neue', helvetica, arial, sans-serif;\">A Porbatata surgiu de uma pequena organiza\u00e7\u00e3o que existia, chamada Cons\u00f3rcio da batata primor, foram 5 ou 6 organiza\u00e7\u00f5es que faziam parte da FNOP, que trabalhavam com batata primor,\u00a0 fez-se esse cons\u00f3rcio para come\u00e7ar a promover a batata portuguesa e especialmente a batata primor para exporta\u00e7\u00e3o e nesse grupo fomos fazendo algumas ac\u00e7\u00f5es, participando em algumas feiras como cons\u00f3rcio de uma forma muito simples, e nasceu a ideia de se formar uma organiza\u00e7\u00e3o profissional.\u00a0Das pessoas mais motivadas e que avan\u00e7ou com a ideia de se formar a associa\u00e7\u00e3o foi o Burnay (Jos\u00e9 Burnay da Campotec), no in\u00edcio n\u00e3o demos muito credito \u00e0 ideia, mas depois achamos que seria bom de fazermos uma organiza\u00e7\u00e3o transversal a todo o sector da batata, por isso a minha motiva\u00e7\u00e3o foi mesmo essa, arranjar uma organiza\u00e7\u00e3o que pudesse representar o sector desde a produ\u00e7\u00e3o \u00e0 comercializa\u00e7\u00e3o e depois tamb\u00e9m pensamos na industria, falamos com mais algumas organiza\u00e7\u00f5es, a maioria faz hoje parte dos \u00f3rg\u00e3os sociais, come\u00e7amos a pensar nos estatutos e a\u00ed eu estive sempre na primeira linha com o Jo\u00e3o Pereira e a Terra Projectos a pensar nos estatutos e normativos da associa\u00e7\u00e3o, fizemos a escritura aqui na Lourinh\u00e3, j\u00e1 n\u00e3o me lembro bem em que momento surgiu o nome da Louricoop e do Ant\u00f3nio Gomes para encabe\u00e7ar a Associa\u00e7\u00e3o como presidente da Direc\u00e7\u00e3o, mas estava \u00a0longe da minha ideia ser eu o Presidente, tudo bem ser dos \u00f3rg\u00e3os sociais, n\u00e3o tinha previsto isto, e at\u00e9 pensava ser o Burnay, ele sim\u00a0 faria todo o sentido , mas ele disse logo, \u201ceu fico Presidente da Assembleia geral\u201d, \u00e9 um cargo mais institucional, e depois foi ele que disse tem de ser o Ant\u00f3nio Gomes o Presidente da Direc\u00e7\u00e3o, primeiro disse que n\u00e3o, o que me levou realmente a aceitar, foi pensar na Louricoop e pensar que seria\u00a0 bom para a regi\u00e3o da Lourinh\u00e3 encabe\u00e7ar a Direc\u00e7\u00e3o, falamos com a C\u00e2mara e tamb\u00e9m acharam bem, que nos arranjariam um local para a associa\u00e7\u00e3o ter a sua sede e o seu escrit\u00f3rio, por isso aceitei, com o esp\u00edrito de miss\u00e3o no sentido de que seria bom para a regi\u00e3o, com muita tradi\u00e7\u00e3o na batata, mas que nos \u00faltimos anos j\u00e1 n\u00e3o \u00e9 t\u00e3o forte como j\u00e1 foi e foi nesse sentido que aceitei ser presidente em nome da Louricoop, mas foi coisa que nem estava nos meus objectivos, agora que sai, saio com o esp\u00edrito de miss\u00e3o cumprida.<\/span><br \/>\n<strong>Sendo o sector da batata um dos sectores agr\u00edcolas mais dif\u00edceis de que forma achas que o teu papel como Presidente da Porbatata contribuiu para alterar o cen\u00e1rio e at\u00e9 mesmo as mentalidades dos operadores e dentro do sector?<\/strong><br \/>\n<strong>Ant\u00f3nio Gomes:<\/strong><span style=\"font-family: lato, 'helvetica neue', helvetica, arial, sans-serif;\"> Eu nunca tive ilus\u00f5es, desde o inicio eu sempre disse que o principal objectivo da Porbatata\u00a0 era representar o sector, tentar que os v\u00e1rios agentes comunicassem uns com os outros sabendo que \u00e9 um sector muito dif\u00edcil, n\u00e3o h\u00e1 sectores f\u00e1ceis, mas este \u00e9 particularmente dif\u00edcil, a produ\u00e7\u00e3o n\u00e3o tanto, a industria e os factores de produ\u00e7\u00e3o tamb\u00e9m n\u00e3o mas o comercio \u00e9 um sector muito dif\u00edcil, sempre ouvimos falar nos\u201d batateiros\u201d, em todos os concelhos h\u00e1\u00a0 N\u00a0 \u201cbatateiros\u201d,\u00a0 especialmente nestes concelhos mais fortes de batata, s\u00e3o pessoas que trabalham cada um por si, sempre de costas voltadas, sempre cheias de segredos, felizmente hoje o sector da batata j\u00e1 n\u00e3o \u00e9 s\u00f3 composto por este tipo de empresas, j\u00e1 temos empresas maiores, grandes embaladores, com um quadro de pessoal significativo, com t\u00e9cnicos, alguns com gestores, mas l\u00e1 no fundo no fundo os verdadeiros patr\u00f5es s\u00e3o um bocadinho &#8220;batateiros&#8221;. Sempre disse que est\u00e1vamos c\u00e1 para fazer o melhor, a associa\u00e7\u00e3o existe por um lado para representar o sector ao n\u00edvel institucional, do governo, das v\u00e1rias institui\u00e7\u00f5es, l\u00e1 fora no estrangeiro e acho que esse papel a associa\u00e7\u00e3o tem vindo a cumprir, criar dialogo com outros pa\u00edses, temos ido a feiras, recebido pessoas c\u00e1, junto das institui\u00e7\u00f5es publicas, \u00e9 uma associa\u00e7\u00e3o que come\u00e7a a ser cada vez mais reconhecida como a associa\u00e7\u00e3o do sector, internamente \u00e9 que eu acho que \u00e9 mais dif\u00edcil, n\u00e3o haja ilus\u00f5es, mas tudo o que se conseguir fazer \u00e9 bom, vamos tentando trabalhar dentro do que \u00e9 poss\u00edvel, acho que tem sido bom, temos conseguido colocar as pessoas dentro de uma sala a conversar normalmente, pelo menos para se conhecerem melhor, mesmo que depois saindo dali cada um fa\u00e7a o seu percurso, mas pelo menos j\u00e1 se juntam, j\u00e1 falam, e o sector da batata n\u00e3o \u00e9 s\u00f3 comercio, \u00e9 produ\u00e7\u00e3o, \u00e9 factores de produ\u00e7\u00e3o, \u00e9 a produ\u00e7\u00e3o a falar com a industria, \u00e9 a industria a falar\u00a0 com o comercio e acho que tudo isto tem melhorado o sector, mas s\u00e3o\u00a0melhoras, s\u00e3o progress\u00f5es que v\u00e3o acontecendo quase de forma\u00a0 invis\u00edvel, e h\u00e1 coisas que v\u00e3o mudando as mentalidades, de forma muito subtil\u00a0as pessoas quase nem se apercebem porque aquilo que \u00e9 mais percept\u00edvel\u00a0\u00a0e mais imediato n\u00e3o muda.<\/span><br \/>\n<strong>Qual no teu ponto de vista dever\u00e1 ser o caminho a seguir pela Porbatata nos pr\u00f3ximos anos? \u00c9 o que tem vindo a ser tra\u00e7ado ou achas que dever\u00e1 haver aqui um caminho diferente?<\/strong><br \/>\n<strong>Ant\u00f3nio Gomes:<\/strong><span style=\"font-family: lato, 'helvetica neue', helvetica, arial, sans-serif;\"> Eu sou suspeito, porque estive na g\u00e9nese na Porbatata, e o que ela hoje \u00e9 tem uma parte minha, do meu contributo e tem sido poss\u00edvel. O \u00f3ptimo \u00e9 inimigo do bom, e n\u00e3o devemos querer o \u00f3ptimo em tudo, mas desde que se chegue a um caminho, o caminho faz-se caminhando, hoje \u00e9 assim, amanh\u00e3 \u00e9 diferente, n\u00e3o vale a pena estarmos a tra\u00e7ar caminhos muito firmes, e a pensar que \u00e9 mesmo aquilo, este ano veio o Covid e alterou isto tudo. A associa\u00e7\u00e3o tem estado a fazer um bom caminho, acho que a campanha de promo\u00e7\u00e3o da batata deste ano foi um sucesso, com mais ou menos resultados, mas acho que deu nas vistas e acho h\u00e1 aqui material para poder continuar a trabalhar, foi bem concebida, eu s\u00f3 a comecei a preparar, e nunca pensei que o resultado pudesse vir a ser t\u00e3o bom, mas a equipa esteve muito bem, tendo em aten\u00e7\u00e3o os custos, tem material para continuar, acho que \u00e9 para continuar este tipo de ac\u00e7\u00f5es.<\/span><br \/>\n<strong>Que mensagem deixarias ao teu sucessor?<\/strong><br \/>\n<strong>Ant\u00f3nio Gomes: <\/strong><span style=\"font-family: lato, 'helvetica neue', helvetica, arial, sans-serif;\">A mensagem que quero deixar \u00e9 desejar-lhe as maiores felicidades, pois a felicidade dele ser\u00e1 tamb\u00e9m a felicidade da associa\u00e7\u00e3o, tenha todo o empenho e que consiga os maiores \u00eaxitos, mas ele tamb\u00e9m n\u00e3o est\u00e1 sozinho, tem uma grande equipa, tem o resto dos membros da direc\u00e7\u00e3o e dos \u00f3rg\u00e3os sociais, os s\u00f3cios, mas tamb\u00e9m tem a Sandra e mais algu\u00e9m que h\u00e1-de vir, tamb\u00e9m tem a Terra projectos e a Evaristo, e agora temos um projecto internacionaliza\u00e7\u00e3o para desenvolver, tem aqui material para a associa\u00e7\u00e3o poder progredir, sempre com os p\u00e9s assentes na terra, realmente a batata vem da terra, n\u00e3o devemos tirar os p\u00e9s da terra, sempre com as preocupa\u00e7\u00f5es no futuro, e por isso desejo-lhe as maiores felicidades e pode contar com o meu apoio se dele necessitar.\u00a0\u00a0<\/span><\/p>\n<p>*Entrevista realizada por Sandra Pereira Secret\u00e1ria Geral da Porbatata a Ant\u00f3nio Gomes Presidente da Porbatata entre 2016 e 2020<\/p>\n","protected":false},"excerpt":{"rendered":"<p>As mudan\u00e7as acontecem com alguma frequ\u00eancia e vem, sempre acompanhadas de d\u00favidas, incertezas e expectativas. Apesar de nem sempre agrad\u00e1veis&#8230;<\/p>\n","protected":false},"author":2,"featured_media":26515,"comment_status":"closed","ping_status":"closed","sticky":false,"template":"","format":"standard","meta":{"footnotes":""},"categories":[121,1],"tags":[],"class_list":["post-26509","post","type-post","status-publish","format-standard","has-post-thumbnail","hentry","category-institucional","category-noticias"],"translation":{"provider":"WPGlobus","version":"3.0.0","language":"en","enabled_languages":["pt","en"],"languages":{"pt":{"title":true,"content":true,"excerpt":false},"en":{"title":false,"content":false,"excerpt":false}}},"_links":{"self":[{"href":"https:\/\/www.porbatata.pt\/en\/wp-json\/wp\/v2\/posts\/26509","targetHints":{"allow":["GET"]}}],"collection":[{"href":"https:\/\/www.porbatata.pt\/en\/wp-json\/wp\/v2\/posts"}],"about":[{"href":"https:\/\/www.porbatata.pt\/en\/wp-json\/wp\/v2\/types\/post"}],"author":[{"embeddable":true,"href":"https:\/\/www.porbatata.pt\/en\/wp-json\/wp\/v2\/users\/2"}],"replies":[{"embeddable":true,"href":"https:\/\/www.porbatata.pt\/en\/wp-json\/wp\/v2\/comments?post=26509"}],"version-history":[{"count":1,"href":"https:\/\/www.porbatata.pt\/en\/wp-json\/wp\/v2\/posts\/26509\/revisions"}],"predecessor-version":[{"id":26511,"href":"https:\/\/www.porbatata.pt\/en\/wp-json\/wp\/v2\/posts\/26509\/revisions\/26511"}],"wp:featuredmedia":[{"embeddable":true,"href":"https:\/\/www.porbatata.pt\/en\/wp-json\/wp\/v2\/media\/26515"}],"wp:attachment":[{"href":"https:\/\/www.porbatata.pt\/en\/wp-json\/wp\/v2\/media?parent=26509"}],"wp:term":[{"taxonomy":"category","embeddable":true,"href":"https:\/\/www.porbatata.pt\/en\/wp-json\/wp\/v2\/categories?post=26509"},{"taxonomy":"post_tag","embeddable":true,"href":"https:\/\/www.porbatata.pt\/en\/wp-json\/wp\/v2\/tags?post=26509"}],"curies":[{"name":"wp","href":"https:\/\/api.w.org\/{rel}","templated":true}]}}