{"id":26516,"date":"2020-08-21T16:15:40","date_gmt":"2020-08-21T16:15:40","guid":{"rendered":"http:\/\/www.porbatata.pt\/?p=26516"},"modified":"2021-02-01T14:47:49","modified_gmt":"2021-02-01T14:47:49","slug":"nova-dinamica-na-presidencia-da-porbatata","status":"publish","type":"post","link":"https:\/\/www.porbatata.pt\/en\/nova-dinamica-na-presidencia-da-porbatata\/","title":{"rendered":"NOVA DIN\u00c2MICA NA PRESID\u00caNCIA DA PORBATATA\u00a0"},"content":{"rendered":"<p>Ao assumir as fun\u00e7\u00f5es de Diretor Geral da LOURICOOP e, com a sa\u00edda do Eng. Ant\u00f3nio Gomes, passei a representar a cooperativa institucionalmente. Neste sentido foi apresentada \u00e0 Dire\u00e7\u00e3o da PORBATATA a altera\u00e7\u00e3o de representante da LOURICOOP, a qual aceitou que a cooperativa continuasse a assumir a Presid\u00eancia da PORBATATA. Assim, passei a assumir fun\u00e7\u00f5es de Presidente da dire\u00e7\u00e3o no in\u00edcio de Maio. A transi\u00e7\u00e3o foi planeada para executar durante os meses de Mar\u00e7o e Abril, mas a pandemia originada pelo Coronav\u00edrus COVID-19 surge em meados de Mar\u00e7o e alterou todos os planos que tinham sido tra\u00e7ados, impedindo a apresenta\u00e7\u00e3o \u00e0 Assembleia Geral, desta altera\u00e7\u00e3o, antes de assumir fun\u00e7\u00f5es, o que s\u00f3 foi realizado na assembleia de Junho.<br \/>\nAgrade\u00e7o a confian\u00e7a em mim depositada pela Dire\u00e7\u00e3o e pela Assembleia Geral. Conto com todos para continuar a constru\u00e7\u00e3o uma Associa\u00e7\u00e3o forte e representativa!<br \/>\nEste \u00e9 um cargo que assumo com responsabilidade e consci\u00eancia do enorme desafio que temos pela frente. A PORBATATA \u00e9 uma associa\u00e7\u00e3o recente mas j\u00e1 com uma grand\u00edssima import\u00e2ncia na fileira da Batata Portuguesa e no panorama agr\u00edcola nacional. Temos a miss\u00e3o de continuar a organizar o setor, de o tornar uno e coeso, pois s\u00f3 assim conseguiremos representar e defender toda a fileira da batata.<br \/>\nAo chegar encontro uma associa\u00e7\u00e3o com din\u00e2mica e vontade de realizar este caminho de unifica\u00e7\u00e3o do setor, com um trabalho empenhado e dedicado da Dire\u00e7\u00e3o e da Secret\u00e1ria Geral, e com uma assembleia a funcionar em pleno, embora com participa\u00e7\u00e3o inferior ao que esperaria. Tudo isto revela que tem sido realizado um trabalho s\u00e9rio e importante, que queremos continuar a levar em frente.<br \/>\nComo perspetiva futura, adianto que a grande aposta desta dire\u00e7\u00e3o, \u00e9 executar o projeto SIAC (Sistema de Apoio a A\u00e7\u00f5es Coletivas) &#8211; Internacionaliza\u00e7\u00e3o de Marca Coletiva da Batata Portuguesa. Este projeto idealizado em 2019 e finalmente aprovado em julho de 2020, permitir\u00e1 desenvolver um trabalho de promo\u00e7\u00e3o da Batata Portuguesa como nunca foi realizado. Por outro lado, a PORBATATA continuar\u00e1 empenhada em defender a fileira, junto dos organismos oficiais, em parceria com diversas entidades e promovendo a Batata Portuguesa tamb\u00e9m a n\u00edvel Nacional.<br \/>\nPodem esperar de mim, e da PORBATATA, a vontade, din\u00e2mica, empenho e dedica\u00e7\u00e3o que a fileira da Batata Portuguesa necessita. Juntos somos mais fortes, unidos seremos reconhecidos e ouvidos.<\/p>\n<p>S\u00e9rgio Ferreira, actual Presidente da Direc\u00e7\u00e3o da Porbatata<\/p>\n","protected":false},"excerpt":{"rendered":"<p>Ao assumir as fun\u00e7\u00f5es de Diretor Geral da LOURICOOP e, com a sa\u00edda do Eng. Ant\u00f3nio Gomes, passei a representar&#8230;<\/p>\n","protected":false},"author":2,"featured_media":26517,"comment_status":"closed","ping_status":"closed","sticky":false,"template":"","format":"standard","meta":{"footnotes":""},"categories":[121,1],"tags":[],"class_list":["post-26516","post","type-post","status-publish","format-standard","has-post-thumbnail","hentry","category-institucional","category-noticias"],"translation":{"provider":"WPGlobus","version":"3.0.0","language":"en","enabled_languages":["pt","en"],"languages":{"pt":{"title":true,"content":true,"excerpt":false},"en":{"title":false,"content":false,"excerpt":false}}},"_links":{"self":[{"href":"https:\/\/www.porbatata.pt\/en\/wp-json\/wp\/v2\/posts\/26516","targetHints":{"allow":["GET"]}}],"collection":[{"href":"https:\/\/www.porbatata.pt\/en\/wp-json\/wp\/v2\/posts"}],"about":[{"href":"https:\/\/www.porbatata.pt\/en\/wp-json\/wp\/v2\/types\/post"}],"author":[{"embeddable":true,"href":"https:\/\/www.porbatata.pt\/en\/wp-json\/wp\/v2\/users\/2"}],"replies":[{"embeddable":true,"href":"https:\/\/www.porbatata.pt\/en\/wp-json\/wp\/v2\/comments?post=26516"}],"version-history":[{"count":1,"href":"https:\/\/www.porbatata.pt\/en\/wp-json\/wp\/v2\/posts\/26516\/revisions"}],"predecessor-version":[{"id":26518,"href":"https:\/\/www.porbatata.pt\/en\/wp-json\/wp\/v2\/posts\/26516\/revisions\/26518"}],"wp:featuredmedia":[{"embeddable":true,"href":"https:\/\/www.porbatata.pt\/en\/wp-json\/wp\/v2\/media\/26517"}],"wp:attachment":[{"href":"https:\/\/www.porbatata.pt\/en\/wp-json\/wp\/v2\/media?parent=26516"}],"wp:term":[{"taxonomy":"category","embeddable":true,"href":"https:\/\/www.porbatata.pt\/en\/wp-json\/wp\/v2\/categories?post=26516"},{"taxonomy":"post_tag","embeddable":true,"href":"https:\/\/www.porbatata.pt\/en\/wp-json\/wp\/v2\/tags?post=26516"}],"curies":[{"name":"wp","href":"https:\/\/api.w.org\/{rel}","templated":true}]}}