{"id":26525,"date":"2020-08-21T15:05:55","date_gmt":"2020-08-21T15:05:55","guid":{"rendered":"http:\/\/www.porbatata.pt\/?p=26525"},"modified":"2021-02-01T14:48:55","modified_gmt":"2021-02-01T14:48:55","slug":"colheita-de-batata-na-agroglobal","status":"publish","type":"post","link":"https:\/\/www.porbatata.pt\/en\/colheita-de-batata-na-agroglobal\/","title":{"rendered":"COLHEITA DE BATATA NA AGROGLOBAL\u00a0"},"content":{"rendered":"<p>Os ensaios de variedades de batata de ind\u00fastria no campo da Agroglobal, est\u00e3o quase no final do seu ciclo, e como tal a colheita seria o culminar de uma ac\u00e7\u00e3o que se idealizou integrada na Agroglobal 2020 o evento agr\u00edcola que aconteceria a 9, 10 e 11 de Setembro, em Valada do Ribatejo no Cartaxo.<br \/>\nA pandemia alterou toda a realiza\u00e7\u00e3o deste grande evento nacional, mas a agricultura n\u00e3o pode parar, pelo que as opera\u00e7\u00f5es culturais seguiram o seu ritmo normal.<br \/>\nForam feitas an\u00e1lises de solo e a prepara\u00e7\u00e3o do solo foi a apropriada para a sementeira que decorreu no final de Abril. Uma semana depois aplicou-se herbicida em pr\u00e9-emerg\u00eancia e fez-se a amontoa. A emerg\u00eancia deu-se sem grandes incidentes. Em meados de Maio fez-se a aduba\u00e7\u00e3o de cobertura e fez-se o primeiro tratamento de fungicidada\/insecticida. As chuvas de maio, trouxeram alguma incid\u00eancia de m\u00edldio e verificou-se a ocorr\u00eancia de algumas pragas, no entanto a pronta disponibilidade dos t\u00e9cnicos respons\u00e1veis pelo campo de ensaio, assegurou a eficaz resolu\u00e7\u00e3o de forma atempada, n\u00e3o comprometendo o desenvolvimento da cultura. Com os tratamentos fitossanit\u00e1rios com fungicidas e insecticidas, foram em simult\u00e2neo aplicados estimulantes foliares e de calibre. \u00a0A tuberiza\u00e7\u00e3o ocorreu em todas as variedades, entre final de maio e in\u00edcio de junho. No in\u00edcio de agosto foram retiradas amostras de batatas \u00e0s quais foram feitos testes de mat\u00e9ria seca, para verificar a evolu\u00e7\u00e3o da qualidade.<br \/>\nO campo neste momento j\u00e1 se encontra em fase senescente e a colheita da batata est\u00e1 prevista para 9 e 10 de Setembro de forma faseada, algumas imagens da colheita ser\u00e3o transmitidas em live streaming, no dia 11 de setembro pelo canal da Agroglobal e dos m\u00eddia partners da Agroglobal.<br \/>\nA realiza\u00e7\u00e3o da colheita est\u00e1 planeada da seguinte forma:<\/p>\n<div><img loading=\"lazy\" decoding=\"async\" src=\"https:\/\/mcusercontent.com\/70d2d3c7b3a3eba9d37af55bd\/images\/95527e40-4674-4519-adbc-6f0557c4aebf.png\" width=\"310\" height=\"143\" data-file-id=\"12938176\" data-cke-saved-src=\"https:\/\/mcusercontent.com\/70d2d3c7b3a3eba9d37af55bd\/images\/95527e40-4674-4519-adbc-6f0557c4aebf.png\" \/><\/div>\n<div>Ser\u00e1 poss\u00edvel visitar o campo mediante convite no dia 9 e 10 de setembro, com\u00a0o\u00a0devido\u00a0cuidado, desde que sejam observadas as regras sanit\u00e1rias estabelecidas pela DGS, nomeadamente de distanciamento social e\u00a0concentra\u00e7\u00e3o de pessoas.<\/p>\n<\/div>\n","protected":false},"excerpt":{"rendered":"<p>Os ensaios de variedades de batata de ind\u00fastria no campo da Agroglobal, est\u00e3o quase no final do seu ciclo, e&#8230;<\/p>\n","protected":false},"author":2,"featured_media":26526,"comment_status":"closed","ping_status":"closed","sticky":false,"template":"","format":"standard","meta":{"footnotes":""},"categories":[104,1],"tags":[],"class_list":["post-26525","post","type-post","status-publish","format-standard","has-post-thumbnail","hentry","category-agenda","category-noticias"],"translation":{"provider":"WPGlobus","version":"3.0.0","language":"en","enabled_languages":["pt","en"],"languages":{"pt":{"title":true,"content":true,"excerpt":false},"en":{"title":false,"content":false,"excerpt":false}}},"_links":{"self":[{"href":"https:\/\/www.porbatata.pt\/en\/wp-json\/wp\/v2\/posts\/26525","targetHints":{"allow":["GET"]}}],"collection":[{"href":"https:\/\/www.porbatata.pt\/en\/wp-json\/wp\/v2\/posts"}],"about":[{"href":"https:\/\/www.porbatata.pt\/en\/wp-json\/wp\/v2\/types\/post"}],"author":[{"embeddable":true,"href":"https:\/\/www.porbatata.pt\/en\/wp-json\/wp\/v2\/users\/2"}],"replies":[{"embeddable":true,"href":"https:\/\/www.porbatata.pt\/en\/wp-json\/wp\/v2\/comments?post=26525"}],"version-history":[{"count":2,"href":"https:\/\/www.porbatata.pt\/en\/wp-json\/wp\/v2\/posts\/26525\/revisions"}],"predecessor-version":[{"id":26528,"href":"https:\/\/www.porbatata.pt\/en\/wp-json\/wp\/v2\/posts\/26525\/revisions\/26528"}],"wp:featuredmedia":[{"embeddable":true,"href":"https:\/\/www.porbatata.pt\/en\/wp-json\/wp\/v2\/media\/26526"}],"wp:attachment":[{"href":"https:\/\/www.porbatata.pt\/en\/wp-json\/wp\/v2\/media?parent=26525"}],"wp:term":[{"taxonomy":"category","embeddable":true,"href":"https:\/\/www.porbatata.pt\/en\/wp-json\/wp\/v2\/categories?post=26525"},{"taxonomy":"post_tag","embeddable":true,"href":"https:\/\/www.porbatata.pt\/en\/wp-json\/wp\/v2\/tags?post=26525"}],"curies":[{"name":"wp","href":"https:\/\/api.w.org\/{rel}","templated":true}]}}