{"id":26534,"date":"2020-09-29T17:35:38","date_gmt":"2020-09-29T17:35:38","guid":{"rendered":"http:\/\/www.porbatata.pt\/?p=26534"},"modified":"2021-02-01T14:45:26","modified_gmt":"2021-02-01T14:45:26","slug":"equipa-porbatata-a-crescer-apresentacao-da-nova-colaboradora","status":"publish","type":"post","link":"https:\/\/www.porbatata.pt\/en\/equipa-porbatata-a-crescer-apresentacao-da-nova-colaboradora\/","title":{"rendered":"EQUIPA PORBATATA A CRESCER\u00a0&#8211; Apresenta\u00e7\u00e3o da nova colaboradora"},"content":{"rendered":"<p>Na necessidade de um refor\u00e7o para o Projecto de Internacionaliza\u00e7\u00e3o da Batata Portuguesa, a PORBATATA decidiu integrar-me na equipa.<br \/>\nSou Licenciada em Comunica\u00e7\u00e3o Aplicada: Marketing, Publicidade e Rela\u00e7\u00f5es P\u00fablicas e trabalho na \u00e1rea h\u00e1 13 anos.<br \/>\nComecei o meu percurso profissional como Assistente Universit\u00e1ria, mas rapidamente senti necessidade de me integrar no mercado do trabalho de forma a aplicar a teoria adquirida e sentir a adrenalina do dia-a-dia de marketeer. Ao longo dos anos, por necessidade de aumentar conhecimentos na \u00e1rea trabalhei em algumas empresas que contribu\u00edram para o meu Curriculum Profissional e tamb\u00e9m para um crescimento pessoal.<br \/>\nNo que diz respeito \u00e0 Porbatata, considerei o an\u00fancio de emprego desafiante.<br \/>\nPesquisei informa\u00e7\u00e3o acerca da Associa\u00e7\u00e3o e reparei que a mesma tem vindo a desenvolver excelente trabalho em t\u00e3o poucos anos de exist\u00eancia com um produto t\u00e3o singelo e pouco valorizado. Estes motivos levaram-me a candidatar-me ao cargo dispon\u00edvel e, sendo aceite fazer tudo quanto poss\u00edvel para daqui a dois anos, festejarmos a concretiza\u00e7\u00e3o de um marco na nossa Hist\u00f3ria, um marco na Hist\u00f3ria dos nossos antepassados e na Hist\u00f3ria dos nossos filhos.<br \/>\nGosto de ver tudo pelo lado positivo, sou comunicativa, sou persist\u00eancia, sou flex\u00edvel e resiliente.<br \/>\nAcredito todos os dias que \u201cDe uma maneira gentil podemos abanar o mundo\u201d e por isso cont\u00e9m com a minha motiva\u00e7\u00e3o para abra\u00e7ar este Projecto, para atingir os objectivos que me propuseram e mais os que apare\u00e7am no caminho!<\/p>\n<p>Marina Fialho, T\u00e9cnica Superior de Marketing da Porbatata<\/p>\n","protected":false},"excerpt":{"rendered":"<p>Na necessidade de um refor\u00e7o para o Projecto de Internacionaliza\u00e7\u00e3o da Batata Portuguesa, a PORBATATA decidiu integrar-me na equipa. Sou&#8230;<\/p>\n","protected":false},"author":2,"featured_media":26535,"comment_status":"closed","ping_status":"closed","sticky":false,"template":"","format":"standard","meta":{"footnotes":""},"categories":[121,1],"tags":[],"class_list":["post-26534","post","type-post","status-publish","format-standard","has-post-thumbnail","hentry","category-institucional","category-noticias"],"translation":{"provider":"WPGlobus","version":"3.0.0","language":"en","enabled_languages":["pt","en"],"languages":{"pt":{"title":true,"content":true,"excerpt":false},"en":{"title":false,"content":false,"excerpt":false}}},"_links":{"self":[{"href":"https:\/\/www.porbatata.pt\/en\/wp-json\/wp\/v2\/posts\/26534","targetHints":{"allow":["GET"]}}],"collection":[{"href":"https:\/\/www.porbatata.pt\/en\/wp-json\/wp\/v2\/posts"}],"about":[{"href":"https:\/\/www.porbatata.pt\/en\/wp-json\/wp\/v2\/types\/post"}],"author":[{"embeddable":true,"href":"https:\/\/www.porbatata.pt\/en\/wp-json\/wp\/v2\/users\/2"}],"replies":[{"embeddable":true,"href":"https:\/\/www.porbatata.pt\/en\/wp-json\/wp\/v2\/comments?post=26534"}],"version-history":[{"count":1,"href":"https:\/\/www.porbatata.pt\/en\/wp-json\/wp\/v2\/posts\/26534\/revisions"}],"predecessor-version":[{"id":26536,"href":"https:\/\/www.porbatata.pt\/en\/wp-json\/wp\/v2\/posts\/26534\/revisions\/26536"}],"wp:featuredmedia":[{"embeddable":true,"href":"https:\/\/www.porbatata.pt\/en\/wp-json\/wp\/v2\/media\/26535"}],"wp:attachment":[{"href":"https:\/\/www.porbatata.pt\/en\/wp-json\/wp\/v2\/media?parent=26534"}],"wp:term":[{"taxonomy":"category","embeddable":true,"href":"https:\/\/www.porbatata.pt\/en\/wp-json\/wp\/v2\/categories?post=26534"},{"taxonomy":"post_tag","embeddable":true,"href":"https:\/\/www.porbatata.pt\/en\/wp-json\/wp\/v2\/tags?post=26534"}],"curies":[{"name":"wp","href":"https:\/\/api.w.org\/{rel}","templated":true}]}}