{"id":26547,"date":"2020-09-29T18:02:25","date_gmt":"2020-09-29T18:02:25","guid":{"rendered":"http:\/\/www.porbatata.pt\/?p=26547"},"modified":"2021-02-01T14:44:03","modified_gmt":"2021-02-01T14:44:03","slug":"da-terra-a-mesa-vitacress","status":"publish","type":"post","link":"https:\/\/www.porbatata.pt\/en\/da-terra-a-mesa-vitacress\/","title":{"rendered":"Da Terra \u00e0 Mesa      Vitacress"},"content":{"rendered":"<p>Sobejamente conhecida quer a n\u00edvel nacional, quer internacional a Vitacress \u00e9 uma refer\u00eancia nos produtos da 4\u00aagama.\u00a0 Para al\u00e9m das saladas e outros legumes prontos a comer ou a cozinhar, tamb\u00e9m as batatas s\u00e3o uma das grandes apostas, dispon\u00edveis para o consumidor mais exigente.<\/p>\n<p><strong>Porbatata:<\/strong> E como come\u00e7ou a Vitacress?<br \/>\n<strong>Vitacress:<\/strong> A Vitacress come\u00e7ou em 1951 em Inglaterra, inicialmente dedicada \u00e0 produ\u00e7\u00e3o de agri\u00e3o, tendo diversificado a produ\u00e7\u00e3o e expandido o seu alcance geogr\u00e1fico deste ent\u00e3o. Em 2008 a Vitacress foi adquirida pelo Grupo RAR, uma empresa cem por cento portuguesa. Hoje em dia conta em Portugal com 400 pessoas e campos em Odemira, Odeceixe e Almancil.<\/p>\n<p><strong>Porbatata:<\/strong> Como come\u00e7ou a rela\u00e7\u00e3o da Vitacress com as batatas?<br \/>\n<strong>Vitacress:<\/strong> Foi no ano 2000 que expandimos a marca Vitacress para as batatas, apostando numa gama seleccionada de calibre controlado, dirigidas para o mesmo consumidor que j\u00e1 comprava 4\u00aa gama de saladas.<\/p>\n<p><strong>Porbatata: <\/strong>Que tipo de produtos s\u00e3o comercializados pela Vitacress?<br \/>\n<strong>Vitacress:<\/strong> A Vitacress \u00e9 essencialmente uma empresa de vegetais frescos, focada em particular em saladas mistas e saladas refei\u00e7\u00e3o, que incluem outros ingredientes como prote\u00ednas (vegetais e animais). Al\u00e9m destas, temos um importante neg\u00f3cio de Ervas Arom\u00e1ticas e Batatas.<\/p>\n<p><strong>Porbatata:<\/strong> Quais s\u00e3o os Vossos principais mercados\/clientes?<br \/>\n<strong>Vitacress: <\/strong>O mercado nacional absorve a maior parte da produ\u00e7\u00e3o da Vitacress em Portugal, mas a exporta\u00e7\u00e3o j\u00e1 atinge os 30%, principalmento para Inglaterra, Espanha, Alemanha.<\/p>\n<p><strong>Porbatata: <\/strong>E quais as perspectivas para o sector da batata na Vitacress?<br \/>\n<strong>Vitacress:<\/strong> Este segmento continua a ter bastante interesse para a Vitacress, demonstrando uma performance de crescimento sustentado ao longo dos anos e onde a Vitacress tem vindo a ganhar quota de mercado no seu nicho de batatas seleccionadas, lavadas e prontas a consumir.<\/p>\n<p><strong>Porbatata:<\/strong> O que espera de uma Associa\u00e7\u00e3o como a Porbatata?<br \/>\n<strong>Vitacress:<\/strong> Para al\u00e9m de representante por excel\u00eancia do sector, que promova a coes\u00e3o dos seus associados, incentivando a sua interac\u00e7\u00e3o \/ coopera\u00e7\u00e3o, com o objectivo comum de desenvolvimento produtivo e vantagens competitivas a ele inerentes.<\/p>\n","protected":false},"excerpt":{"rendered":"<p>Sobejamente conhecida quer a n\u00edvel nacional, quer internacional a Vitacress \u00e9 uma refer\u00eancia nos produtos da 4\u00aagama.\u00a0 Para al\u00e9m das&#8230;<\/p>\n","protected":false},"author":2,"featured_media":26551,"comment_status":"closed","ping_status":"closed","sticky":false,"template":"","format":"standard","meta":{"footnotes":""},"categories":[116,1],"tags":[],"class_list":["post-26547","post","type-post","status-publish","format-standard","has-post-thumbnail","hentry","category-da-terra-a-mesa","category-noticias"],"translation":{"provider":"WPGlobus","version":"3.0.0","language":"en","enabled_languages":["pt","en"],"languages":{"pt":{"title":true,"content":true,"excerpt":false},"en":{"title":false,"content":false,"excerpt":false}}},"_links":{"self":[{"href":"https:\/\/www.porbatata.pt\/en\/wp-json\/wp\/v2\/posts\/26547","targetHints":{"allow":["GET"]}}],"collection":[{"href":"https:\/\/www.porbatata.pt\/en\/wp-json\/wp\/v2\/posts"}],"about":[{"href":"https:\/\/www.porbatata.pt\/en\/wp-json\/wp\/v2\/types\/post"}],"author":[{"embeddable":true,"href":"https:\/\/www.porbatata.pt\/en\/wp-json\/wp\/v2\/users\/2"}],"replies":[{"embeddable":true,"href":"https:\/\/www.porbatata.pt\/en\/wp-json\/wp\/v2\/comments?post=26547"}],"version-history":[{"count":2,"href":"https:\/\/www.porbatata.pt\/en\/wp-json\/wp\/v2\/posts\/26547\/revisions"}],"predecessor-version":[{"id":26553,"href":"https:\/\/www.porbatata.pt\/en\/wp-json\/wp\/v2\/posts\/26547\/revisions\/26553"}],"wp:featuredmedia":[{"embeddable":true,"href":"https:\/\/www.porbatata.pt\/en\/wp-json\/wp\/v2\/media\/26551"}],"wp:attachment":[{"href":"https:\/\/www.porbatata.pt\/en\/wp-json\/wp\/v2\/media?parent=26547"}],"wp:term":[{"taxonomy":"category","embeddable":true,"href":"https:\/\/www.porbatata.pt\/en\/wp-json\/wp\/v2\/categories?post=26547"},{"taxonomy":"post_tag","embeddable":true,"href":"https:\/\/www.porbatata.pt\/en\/wp-json\/wp\/v2\/tags?post=26547"}],"curies":[{"name":"wp","href":"https:\/\/api.w.org\/{rel}","templated":true}]}}