{"id":26560,"date":"2020-10-30T18:48:26","date_gmt":"2020-10-30T18:48:26","guid":{"rendered":"http:\/\/www.porbatata.pt\/?p=26560"},"modified":"2021-02-02T19:13:07","modified_gmt":"2021-02-02T19:13:07","slug":"porbatata-na-agroglobal","status":"publish","type":"post","link":"https:\/\/www.porbatata.pt\/en\/porbatata-na-agroglobal\/","title":{"rendered":"PORBATATA NA AGROGLOBAL\u00a0"},"content":{"rendered":"<p>A Agroglobal 2020, com todas as condicionantes, acabou por ser um evento marcante.<\/p>\n<div>\n<div>\n<div>O sector agr\u00edcola uniu-se para, da forma poss\u00edvel, comunicar as suas novidades, ideias e tamb\u00e9m mostrar os ensaios instalados nos campos Agroglobal, que nunca deixaram de ser cuidados.<br \/>\nO \u00eaxito desta edi\u00e7\u00e3o foi uma prova inequ\u00edvoca da pujan\u00e7a do sector. Milhares de visitantes virtuais, debates de elevado n\u00edvel e a presen\u00e7a em Valada do Ribatejo de v\u00e1rias personalidades com responsabilidade no futuro agr\u00edcola de Portugal e da EU.<br \/>\nA Porbatata esteve, como sempre, muito empenhada na Agroglobal com um expcecional campo de ensaio que foi mote para a discuss\u00e3o dos temas que preocupam os seus associados.<br \/>\nProfissionalismo e entusiasmo s\u00e3o a imagem de marca da Porbatata.<br \/>\nBem hajam e muito obrigado.<\/div>\n<div><\/div>\n<div>\n<p>Veja o v\u00eddeo em \u00a0<a href=\"https:\/\/youtu.be\/jI0uimEf6DY\" data-cke-saved-href=\"https:\/\/youtu.be\/jI0uimEf6DY\">https:\/\/youtu.be\/jI0uimEf6DY<\/a><\/p>\n<\/div>\n<\/div>\n<div>\n<div>\n<p>Joaquim Pedro Torres &#8211; Agroglobal<\/p>\n<\/div>\n<\/div>\n<\/div>\n","protected":false},"excerpt":{"rendered":"<p>A Agroglobal 2020, com todas as condicionantes, acabou por ser um evento marcante. O sector agr\u00edcola uniu-se para, da forma&#8230;<\/p>\n","protected":false},"author":2,"featured_media":26561,"comment_status":"closed","ping_status":"closed","sticky":false,"template":"","format":"standard","meta":{"footnotes":""},"categories":[104,121,1],"tags":[],"class_list":["post-26560","post","type-post","status-publish","format-standard","has-post-thumbnail","hentry","category-agenda","category-institucional","category-noticias"],"translation":{"provider":"WPGlobus","version":"3.0.0","language":"en","enabled_languages":["pt","en"],"languages":{"pt":{"title":true,"content":true,"excerpt":false},"en":{"title":false,"content":false,"excerpt":false}}},"_links":{"self":[{"href":"https:\/\/www.porbatata.pt\/en\/wp-json\/wp\/v2\/posts\/26560","targetHints":{"allow":["GET"]}}],"collection":[{"href":"https:\/\/www.porbatata.pt\/en\/wp-json\/wp\/v2\/posts"}],"about":[{"href":"https:\/\/www.porbatata.pt\/en\/wp-json\/wp\/v2\/types\/post"}],"author":[{"embeddable":true,"href":"https:\/\/www.porbatata.pt\/en\/wp-json\/wp\/v2\/users\/2"}],"replies":[{"embeddable":true,"href":"https:\/\/www.porbatata.pt\/en\/wp-json\/wp\/v2\/comments?post=26560"}],"version-history":[{"count":7,"href":"https:\/\/www.porbatata.pt\/en\/wp-json\/wp\/v2\/posts\/26560\/revisions"}],"predecessor-version":[{"id":26588,"href":"https:\/\/www.porbatata.pt\/en\/wp-json\/wp\/v2\/posts\/26560\/revisions\/26588"}],"wp:featuredmedia":[{"embeddable":true,"href":"https:\/\/www.porbatata.pt\/en\/wp-json\/wp\/v2\/media\/26561"}],"wp:attachment":[{"href":"https:\/\/www.porbatata.pt\/en\/wp-json\/wp\/v2\/media?parent=26560"}],"wp:term":[{"taxonomy":"category","embeddable":true,"href":"https:\/\/www.porbatata.pt\/en\/wp-json\/wp\/v2\/categories?post=26560"},{"taxonomy":"post_tag","embeddable":true,"href":"https:\/\/www.porbatata.pt\/en\/wp-json\/wp\/v2\/tags?post=26560"}],"curies":[{"name":"wp","href":"https:\/\/api.w.org\/{rel}","templated":true}]}}