{"id":26619,"date":"2020-12-09T14:17:13","date_gmt":"2020-12-09T14:17:13","guid":{"rendered":"http:\/\/www.porbatata.pt\/?p=26619"},"modified":"2021-02-02T19:12:14","modified_gmt":"2021-02-02T19:12:14","slug":"apresentacao-da-miss-tata-a-marca-colectiva-de-batata-portuguesa","status":"publish","type":"post","link":"https:\/\/www.porbatata.pt\/en\/apresentacao-da-miss-tata-a-marca-colectiva-de-batata-portuguesa\/","title":{"rendered":"APRESENTA\u00c7\u00c3O\u00a0 DA MISS TATA &#8211;\u00a0 A MARCA COLECTIVA DE BATATA PORTUGUESA"},"content":{"rendered":"<p>\u201cMiss Tata\u201d, a marca colectiva da batata portuguesa, foi apresentada a 24 de Novembro, no Mercado Abastecedor da Regi\u00e3o de Lisboa (MARL), num evento com transmiss\u00e3o <em>online<\/em> e interven\u00e7\u00f5es por videoconfer\u00eancia. Esta \u00e9 a marca colectiva, que aposta na diferencia\u00e7\u00e3o e na qualidade e que surge no \u00e2mbito do \u201cProjecto de Promo\u00e7\u00e3o da Batata Portuguesa nos Mercados Externos\u201d.\u00a0 A\u00a0Porbatata, vai promover a batata portuguesa no mercado nacional e internacional, a n\u00edvel institucional e pelos operadores.<br \/>\nRui Paulo Figueiredo Director do Simab, como anfitri\u00e3o do MARL abriu a sess\u00e3o acolhendo esta iniciativa da Porbatata e salientou a import\u00e2ncia do trabalho associativo para a valoriza\u00e7\u00e3o da produ\u00e7\u00e3o nacional.<br \/>\nS\u00e9rgio Ferreira, presidente da Direc\u00e7\u00e3o da Porbatata, que apresentou a marca, afirmou que esta visa permitir \u00abacrescentar valor\u00bb e o \u00abreconhecimento\u00bb da batata portuguesa a n\u00edvel internacional e nacional, que ir\u00e1 funcionar como uma \u00ab\u00e2ncora\u00bb, como \u00abaquilo que nos vai ajudar a alavancar o sector\u00bb, e que \u00aba marca \u00e9 algo que nos deve unir cada vez mais\u00bb.<br \/>\nBerta Redondo Benito, secret\u00e1ria geral da Europatat &#8211; Associa\u00e7\u00e3o Europeia de Com\u00e9rcio de Batata, apresentou o projecto de tr\u00eas anos \u201cPotatoes, prepare to be surprised\u201d, para promover a batata junto da \u201cgera\u00e7\u00e3o\u00a0mil\u00e9nio\u201d, baseado nas redes sociais.<br \/>\nJo\u00e3o Torres, secret\u00e1rio de Estado do Com\u00e9rcio, Servi\u00e7os e Defesa do Consumidor, considerou a cria\u00e7\u00e3o desta marca como \u00abmuito oportuna\u00bb \u2013 desde logo, pela \u00abvaloriza\u00e7\u00e3o de um produto end\u00f3geno\u00bb \u2013, sublinhou que \u00abtemos de ter a capacidade de traduzir em valor a capacidade produtiva de excel\u00eancia\u00bb e manifestou a disponibilidade do Minist\u00e9rio da Economia e Transi\u00e7\u00e3o Digital \u00abpara apoiar e potenciar\u00bb este esfor\u00e7o de internacionaliza\u00e7\u00e3o.<br \/>\nSegundo Nuno Russo, secret\u00e1rio de Estado da Agricultura e do Desenvolvimento Rural, que tamb\u00e9m disponibilizou o apoio do Minist\u00e9rio da Agricultura, o trabalho da Porbatata \u00e9 \u00abinspirador\u00bb e \u00abesta marca colectiva vai permitir a diferencia\u00e7\u00e3o, a afirma\u00e7\u00e3o da qualidade e a promo\u00e7\u00e3o da batata portuguesa\u00bb.<\/p>\n","protected":false},"excerpt":{"rendered":"<p>\u201cMiss Tata\u201d, a marca colectiva da batata portuguesa, foi apresentada a 24 de Novembro, no Mercado Abastecedor da Regi\u00e3o de&#8230;<\/p>\n","protected":false},"author":2,"featured_media":26620,"comment_status":"closed","ping_status":"closed","sticky":false,"template":"","format":"standard","meta":{"footnotes":""},"categories":[104,121,1],"tags":[],"class_list":["post-26619","post","type-post","status-publish","format-standard","has-post-thumbnail","hentry","category-agenda","category-institucional","category-noticias"],"translation":{"provider":"WPGlobus","version":"3.0.0","language":"en","enabled_languages":["pt","en"],"languages":{"pt":{"title":true,"content":true,"excerpt":false},"en":{"title":true,"content":true,"excerpt":false}}},"_links":{"self":[{"href":"https:\/\/www.porbatata.pt\/en\/wp-json\/wp\/v2\/posts\/26619","targetHints":{"allow":["GET"]}}],"collection":[{"href":"https:\/\/www.porbatata.pt\/en\/wp-json\/wp\/v2\/posts"}],"about":[{"href":"https:\/\/www.porbatata.pt\/en\/wp-json\/wp\/v2\/types\/post"}],"author":[{"embeddable":true,"href":"https:\/\/www.porbatata.pt\/en\/wp-json\/wp\/v2\/users\/2"}],"replies":[{"embeddable":true,"href":"https:\/\/www.porbatata.pt\/en\/wp-json\/wp\/v2\/comments?post=26619"}],"version-history":[{"count":3,"href":"https:\/\/www.porbatata.pt\/en\/wp-json\/wp\/v2\/posts\/26619\/revisions"}],"predecessor-version":[{"id":26637,"href":"https:\/\/www.porbatata.pt\/en\/wp-json\/wp\/v2\/posts\/26619\/revisions\/26637"}],"wp:featuredmedia":[{"embeddable":true,"href":"https:\/\/www.porbatata.pt\/en\/wp-json\/wp\/v2\/media\/26620"}],"wp:attachment":[{"href":"https:\/\/www.porbatata.pt\/en\/wp-json\/wp\/v2\/media?parent=26619"}],"wp:term":[{"taxonomy":"category","embeddable":true,"href":"https:\/\/www.porbatata.pt\/en\/wp-json\/wp\/v2\/categories?post=26619"},{"taxonomy":"post_tag","embeddable":true,"href":"https:\/\/www.porbatata.pt\/en\/wp-json\/wp\/v2\/tags?post=26619"}],"curies":[{"name":"wp","href":"https:\/\/api.w.org\/{rel}","templated":true}]}}