{"id":26760,"date":"2021-01-25T16:42:51","date_gmt":"2021-01-25T16:42:51","guid":{"rendered":"https:\/\/www.porbatata.pt\/?p=26760"},"modified":"2021-02-02T17:51:01","modified_gmt":"2021-02-02T17:51:01","slug":"da-terra-a-mesa-meijer-iberica","status":"publish","type":"post","link":"https:\/\/www.porbatata.pt\/en\/da-terra-a-mesa-meijer-iberica\/","title":{"rendered":"DA TERRA A MESA Meijer Iberica"},"content":{"rendered":"<div>\n<p>Meijer Iberica cuenta con un equipo compuesto por tres Ingenieros Pedro Quintino colaborador en Portugal, Magdalena Iturmendi y Javier Boceta. La administraci\u00f3n la lleva Reyes Leon Mu\u00f1iz tambi\u00e9n titulada superior.<br \/>\nNuestra empresa tiene campos de obtenci\u00f3n en Ecija Sevilla y en Rilland Holanda. Tras un proceso de selecci\u00f3n que dura 10 a\u00f1os y hoy son 500.000 variedades anuales a los 10 a\u00f1os queda una o ninguna. Tras este proceso comienzan las nuevas variedades a ser ensayadas tanto en Espa\u00f1a como en Portugal. Este proceso dura otros 6 a\u00f1os tras lo cual las variedades o se desarrollan o desaparecen.<br \/>\nNuestro trabajo tambi\u00e9n implica adecuar la demanda al consumo y prever cuanto se consumir\u00e1 dentro de 4 a\u00f1os. Ahora estamos encargando los minitugerculos de la generaci\u00f3n de patatas que se vender\u00e1 en el 2025.<br \/>\nPara nosotros es muy importante mantener una estrecha relaci\u00f3n con el mercado para poder captar las futuras demandas y as\u00ed anticiparnos.<\/p>\n<p><strong>Porbatata:<\/strong> <strong>Como come\u00e7ou a sua rela\u00e7\u00e3o com as batatas?<img decoding=\"async\" class=\"cke_anchor\" title=\" Inserir\/Editar \u00c2ncora\" src=\"data:image\/gif;base64,R0lGODlhAQABAPABAP\/\/\/wAAACH5BAEKAAAALAAAAAABAAEAAAICRAEAOw==\" alt=\" Inserir\/Editar \u00c2ncora\" align=\"\" data-cke-realelement=\"%3Ca%20data-cke-saved-name%3D%22_Hlk28949115%22%20name%3D%22_Hlk28949115%22%3E%3C%2Fa%3E\" data-cke-real-node-type=\"1\" data-cke-real-element-type=\"anchor\" \/><\/strong><br \/>\n<strong>Meijer: <\/strong>Comence trabajando para una empresa inglesa MbM la cual llevaba los ensayos de Meijer Bv. Despu\u00e9s cambie a Intersur Patatas Naturales y finalmente a Meijer Iberica.<\/p>\n<p><strong>Porbatata:<\/strong> <strong>Como surgiu a Meijer?<\/strong><br \/>\n<strong>Meijer: <\/strong>Meijer fue un proyecto com\u00fan que desarrollamos en el a\u00f1o 2008 y h\u00e1 ido creciendo com la ayuda de todos principalmente de los agricultores que conf\u00edan en los productos que sacamos.<\/p>\n<p><strong>Porbatata:<\/strong> <strong>Que tipo de produtos s\u00e3o comercializados pela Meijer?<\/strong><br \/>\n<strong>Meijer: <\/strong>Comercializamos \u00fanicamente variedades protegidas investigadas y desarrolladas por nosotros.<\/p>\n<p><strong>Porbatata:<\/strong> <strong>Quais s\u00e3o os Vossos principais mercados\/clientes?<\/strong><br \/>\n<strong>Meijer: <\/strong>Nuestro mercado es la pen\u00ednsula ib\u00e9rica y obtenemos variedades para consumo e industria.<\/p>\n<p><strong>Porbatata:<\/strong> <strong>Quais as perspetivas de futuro para a Meijer?<\/strong><br \/>\n<strong>Meijer: <\/strong>Somos una empresa joven y com mucho capital humano, esperamos continuar muchos a\u00f1os ofreciendo nuestros bienes y servicios al campo.<\/p>\n<p><strong>Porbatata:<\/strong> <strong>E quais as perspetivas de futuro para o sector da batata? Em que medida a actual situa\u00e7\u00e3o de pandemia vai afectar o sector?<\/strong><br \/>\n<strong>Meijer: <\/strong>El sector en la pen\u00ednsula ib\u00e9rica s\u00f3lo puede crecer la desaparici\u00f3n del cholprofam y el pr\u00f3ximo incremento del turismo nos ofrecen un futuro muy bueno.<\/p>\n<p><strong>Porbatata:<\/strong> <strong>O que espera de uma Associa\u00e7\u00e3o como a Porbatata?<\/strong><br \/>\n<strong>Meijer: <\/strong>Esperamos que sea un punto de encuentro para el sector que nos sirva de uni\u00f3n para desarrollar proyectos comunes en defensa de nuestro sector.<\/p>\n<p>Javier Boceta Osuna<\/p>\n<\/div>\n","protected":false},"excerpt":{"rendered":"<p>Meijer Iberica cuenta con un equipo compuesto por tres Ingenieros Pedro Quintino colaborador en Portugal, Magdalena Iturmendi y Javier Boceta&#8230;.<\/p>\n","protected":false},"author":2,"featured_media":26990,"comment_status":"closed","ping_status":"closed","sticky":false,"template":"","format":"standard","meta":{"footnotes":""},"categories":[116,1],"tags":[],"class_list":["post-26760","post","type-post","status-publish","format-standard","has-post-thumbnail","hentry","category-da-terra-a-mesa","category-noticias"],"translation":{"provider":"WPGlobus","version":"3.0.0","language":"en","enabled_languages":["pt","en"],"languages":{"pt":{"title":true,"content":true,"excerpt":false},"en":{"title":false,"content":false,"excerpt":false}}},"_links":{"self":[{"href":"https:\/\/www.porbatata.pt\/en\/wp-json\/wp\/v2\/posts\/26760","targetHints":{"allow":["GET"]}}],"collection":[{"href":"https:\/\/www.porbatata.pt\/en\/wp-json\/wp\/v2\/posts"}],"about":[{"href":"https:\/\/www.porbatata.pt\/en\/wp-json\/wp\/v2\/types\/post"}],"author":[{"embeddable":true,"href":"https:\/\/www.porbatata.pt\/en\/wp-json\/wp\/v2\/users\/2"}],"replies":[{"embeddable":true,"href":"https:\/\/www.porbatata.pt\/en\/wp-json\/wp\/v2\/comments?post=26760"}],"version-history":[{"count":4,"href":"https:\/\/www.porbatata.pt\/en\/wp-json\/wp\/v2\/posts\/26760\/revisions"}],"predecessor-version":[{"id":26989,"href":"https:\/\/www.porbatata.pt\/en\/wp-json\/wp\/v2\/posts\/26760\/revisions\/26989"}],"wp:featuredmedia":[{"embeddable":true,"href":"https:\/\/www.porbatata.pt\/en\/wp-json\/wp\/v2\/media\/26990"}],"wp:attachment":[{"href":"https:\/\/www.porbatata.pt\/en\/wp-json\/wp\/v2\/media?parent=26760"}],"wp:term":[{"taxonomy":"category","embeddable":true,"href":"https:\/\/www.porbatata.pt\/en\/wp-json\/wp\/v2\/categories?post=26760"},{"taxonomy":"post_tag","embeddable":true,"href":"https:\/\/www.porbatata.pt\/en\/wp-json\/wp\/v2\/tags?post=26760"}],"curies":[{"name":"wp","href":"https:\/\/api.w.org\/{rel}","templated":true}]}}