{"id":27300,"date":"2021-07-30T17:27:53","date_gmt":"2021-07-30T17:27:53","guid":{"rendered":"https:\/\/www.porbatata.pt\/?p=27300"},"modified":"2021-07-30T17:27:53","modified_gmt":"2021-07-30T17:27:53","slug":"porbatata-assina-protocolo-nacional-do-sector-agroflorestal-sobre-alteracoes-climaticas","status":"publish","type":"post","link":"https:\/\/www.porbatata.pt\/en\/porbatata-assina-protocolo-nacional-do-sector-agroflorestal-sobre-alteracoes-climaticas\/","title":{"rendered":"PORBATATA ASSINA PROTOCOLO NACIONAL DO SECTOR AGROFLORESTAL SOBRE ALTERA\u00c7\u00d5ES CLIM\u00c1TICAS"},"content":{"rendered":"<div>\n<p>Foi no dia 27 de Julho de 2021, no audit\u00f3rio da reitoria da Universidade Nova em Lisboa, que as 49 entidades que integram o Centro Nacional de Compet\u00eancias para as Altera\u00e7\u00f5es Clim\u00e1ticas do Sector Agroflorestal (CNCACSA) e das quais a Porbatata faz parte, formalizaram a assinatura do Protocolo do sector agroflorestal nacional sobre as altera\u00e7\u00f5es clim\u00e1ticas, no \u00e2mbito da confer\u00eancia \u201cAltera\u00e7\u00f5es Clim\u00e1ticas: Que desafios para o sector Agroflorestal nos pr\u00f3ximos anos\u201d.<\/p>\n<p>A Confer\u00eancia contou com a presen\u00e7a de alguns dos principais investigadores e especialistas nacionais em altera\u00e7\u00f5es clim\u00e1ticas, al\u00e9m da presen\u00e7a da Ministra da Agricultura Maria do C\u00e9u Antunes e do Ministro do Ambiente e da Ac\u00e7\u00e3o Clim\u00e1tica Jo\u00e3o Pedro Matos Fernandes.<\/p>\n<p>As Altera\u00e7\u00f5es Clim\u00e1ticas constituem uma realidade e uma prioridade, face aos seus impactos presentes e futuros sobre os ecossistemas, a economia e a sociedade, como tem ficado bem patente nos \u00faltimos dias em v\u00e1rios locais do mundo.<\/p>\n<p>Os estudos efectuados indicam que Portugal e a regi\u00e3o mediterr\u00e2nica se encontram entre as zonas europeias com maior exposi\u00e7\u00e3o e vulnerabilidade aos impactes das Altera\u00e7\u00f5es Clim\u00e1ticas.<\/p>\n<p>Face aos evidentes e crescentes desafios que se colocam ao nosso pa\u00eds, a Universidade de Tr\u00e1s-os-Montes e Alto Douro (UTAD) desafiou o Centro Nacional de Compet\u00eancias para as Altera\u00e7\u00f5es Clim\u00e1ticas do Sector Agroflorestal (CNCACSA), o Instituto Nacional de Investiga\u00e7\u00e3o Agr\u00e1ria e Veterin\u00e1ria (INIAV) e o Instituto Portugu\u00eas do Mar e da Atmosfera (IPMA) para apresentar um projecto nacional transversal a diversas culturas e regi\u00f5es, que mobilize e una todo o sector agro-florestal em torno das Altera\u00e7\u00f5es Clim\u00e1ticas, denominado \u201cA\u00e7\u00e3o Clim\u00e1tica \u2013 Avalia\u00e7\u00e3o, Mitiga\u00e7\u00e3o e Adapta\u00e7\u00e3o \u00e0s Altera\u00e7\u00f5es Clim\u00e1ticas no Sector Agroflorestal\u201d.<\/p>\n<p>Fonte:<a href=\"https:\/\/www.agroportal.pt\/sector-agroflorestal-nacional-mobiliza-se-em-torno-da-tematica-das-alteracoes-climaticas\/\" data-cke-saved-href=\"https:\/\/www.agroportal.pt\/sector-agroflorestal-nacional-mobiliza-se-em-torno-da-tematica-das-alteracoes-climaticas\/\">https:\/\/www.agroportal.pt\/sector-agroflorestal-nacional-mobiliza-se-em-torno-da-tematica-das-alteracoes-climaticas\/<\/a>)<\/p>\n<\/div>\n<p>&nbsp;<\/p>\n","protected":false},"excerpt":{"rendered":"<p>Foi no dia 27 de Julho de 2021, no audit\u00f3rio da reitoria da Universidade Nova em Lisboa, que as 49&#8230;<\/p>\n","protected":false},"author":2,"featured_media":27301,"comment_status":"closed","ping_status":"closed","sticky":false,"template":"","format":"standard","meta":{"footnotes":""},"categories":[104,121,1],"tags":[],"class_list":["post-27300","post","type-post","status-publish","format-standard","has-post-thumbnail","hentry","category-agenda","category-institucional","category-noticias"],"translation":{"provider":"WPGlobus","version":"3.0.0","language":"en","enabled_languages":["pt","en"],"languages":{"pt":{"title":true,"content":true,"excerpt":false},"en":{"title":false,"content":false,"excerpt":false}}},"_links":{"self":[{"href":"https:\/\/www.porbatata.pt\/en\/wp-json\/wp\/v2\/posts\/27300","targetHints":{"allow":["GET"]}}],"collection":[{"href":"https:\/\/www.porbatata.pt\/en\/wp-json\/wp\/v2\/posts"}],"about":[{"href":"https:\/\/www.porbatata.pt\/en\/wp-json\/wp\/v2\/types\/post"}],"author":[{"embeddable":true,"href":"https:\/\/www.porbatata.pt\/en\/wp-json\/wp\/v2\/users\/2"}],"replies":[{"embeddable":true,"href":"https:\/\/www.porbatata.pt\/en\/wp-json\/wp\/v2\/comments?post=27300"}],"version-history":[{"count":2,"href":"https:\/\/www.porbatata.pt\/en\/wp-json\/wp\/v2\/posts\/27300\/revisions"}],"predecessor-version":[{"id":27303,"href":"https:\/\/www.porbatata.pt\/en\/wp-json\/wp\/v2\/posts\/27300\/revisions\/27303"}],"wp:featuredmedia":[{"embeddable":true,"href":"https:\/\/www.porbatata.pt\/en\/wp-json\/wp\/v2\/media\/27301"}],"wp:attachment":[{"href":"https:\/\/www.porbatata.pt\/en\/wp-json\/wp\/v2\/media?parent=27300"}],"wp:term":[{"taxonomy":"category","embeddable":true,"href":"https:\/\/www.porbatata.pt\/en\/wp-json\/wp\/v2\/categories?post=27300"},{"taxonomy":"post_tag","embeddable":true,"href":"https:\/\/www.porbatata.pt\/en\/wp-json\/wp\/v2\/tags?post=27300"}],"curies":[{"name":"wp","href":"https:\/\/api.w.org\/{rel}","templated":true}]}}