{"id":27304,"date":"2021-07-30T17:44:09","date_gmt":"2021-07-30T17:44:09","guid":{"rendered":"https:\/\/www.porbatata.pt\/?p=27304"},"modified":"2021-07-30T17:46:53","modified_gmt":"2021-07-30T17:46:53","slug":"a-porbatata-ganha-premio-organizacao-de-produtores-da-vida-rural-e-e-nomeada-para-o-premio-distincoes-pelo-desenvolvimento-2020","status":"publish","type":"post","link":"https:\/\/www.porbatata.pt\/en\/a-porbatata-ganha-premio-organizacao-de-produtores-da-vida-rural-e-e-nomeada-para-o-premio-distincoes-pelo-desenvolvimento-2020\/","title":{"rendered":"\u00a0A PORBATATA, GANHA PR\u00c9MIO ORGANIZA\u00c7\u00c3O DE PRODUTORES DA\u00a0VIDA RURAL E \u00c9 NOMEADA PARA O PR\u00c9MIO DISTIN\u00c7\u00d5ES PELO DESENVOLVIMENTO 2020"},"content":{"rendered":"<p>No dia de 30 de Junho de 2021, no \u00e2mbito do AGRO IN, evento promovido pela Vida Rural, a Porbatata subiu ao palco para receber\u00a0o pr\u00e9mio Organiza\u00e7\u00e3o de Produtores, por m\u00e9rito e arrojo, pelo trabalho desenvolvido com um produto t\u00e3o indiferenciado como \u00e9 a batata e em prol do sector Associativo.<br \/>\nPara a atribui\u00e7\u00e3o deste pr\u00e9mio muito contribuiu a marca colectiva criada pela Porbatata:\u00a0Miss Tata\u00a0batata portuguesa, com certeza!<br \/>\nTamb\u00e9m foi nomeada pelo mesmo motivo, para o pr\u00e9mio Distin\u00e7\u00f5es pelo Desenvolvimento 2020, pr\u00e9mio atribu\u00eddo pela ADL (Associa\u00e7\u00e3o de Desenvolvimento da Lourinh\u00e3), apesar de ser um pr\u00e9mio local\/regional e a Porbatata ter \u00e2mbito nacional, a associa\u00e7\u00e3o tem sede na Lourinh\u00e3, pelo que\u00a0 contribuiu para o desenvolvimento e visibilidade do concelho da Lourinh\u00e3.<br \/>\nO pr\u00e9mio\u00a0j\u00e1 atribu\u00eddo e a nomea\u00e7\u00e3o para outro, deixam toda a equipa orgulhosa e motivada para continuar a trabalhar, convidando os operadores portugueses do sector, a serem s\u00f3cios da Porbatata e assim\u00a0juntarem-se a este projecto da marca colectiva e distintiva para a batata portuguesa,\u00a0potenciando um produto nacional, acrescentando valor, dinamizando a economia e protegendo o ambiente.<br \/>\nA Miss Tata,\u00a0\u00e9 nova e fresca,\u00a0pr\u00f3xima do ambiente, \u00e9 saud\u00e1vel e nutritiva, \u00e9 cheia de sabor e aliada de uma alimenta\u00e7\u00e3o equilibrada, \u00e9 a embaixadora\u00a0que ir\u00e1 promover a batata portuguesa l\u00e1 fora e dar nome \u00e0 batata c\u00e1 dentro.<\/p>\n<div>\n<p>Miss Tata\u00a0batata portuguesa, com certeza!<\/p>\n<\/div>\n","protected":false},"excerpt":{"rendered":"<p>No dia de 30 de Junho de 2021, no \u00e2mbito do AGRO IN, evento promovido pela Vida Rural, a Porbatata&#8230;<\/p>\n","protected":false},"author":2,"featured_media":27305,"comment_status":"closed","ping_status":"closed","sticky":false,"template":"","format":"standard","meta":{"footnotes":""},"categories":[108,104,121,1],"tags":[],"class_list":["post-27304","post","type-post","status-publish","format-standard","has-post-thumbnail","hentry","category-destaque","category-agenda","category-institucional","category-noticias"],"translation":{"provider":"WPGlobus","version":"3.0.0","language":"en","enabled_languages":["pt","en"],"languages":{"pt":{"title":true,"content":true,"excerpt":false},"en":{"title":false,"content":false,"excerpt":false}}},"_links":{"self":[{"href":"https:\/\/www.porbatata.pt\/en\/wp-json\/wp\/v2\/posts\/27304","targetHints":{"allow":["GET"]}}],"collection":[{"href":"https:\/\/www.porbatata.pt\/en\/wp-json\/wp\/v2\/posts"}],"about":[{"href":"https:\/\/www.porbatata.pt\/en\/wp-json\/wp\/v2\/types\/post"}],"author":[{"embeddable":true,"href":"https:\/\/www.porbatata.pt\/en\/wp-json\/wp\/v2\/users\/2"}],"replies":[{"embeddable":true,"href":"https:\/\/www.porbatata.pt\/en\/wp-json\/wp\/v2\/comments?post=27304"}],"version-history":[{"count":2,"href":"https:\/\/www.porbatata.pt\/en\/wp-json\/wp\/v2\/posts\/27304\/revisions"}],"predecessor-version":[{"id":27308,"href":"https:\/\/www.porbatata.pt\/en\/wp-json\/wp\/v2\/posts\/27304\/revisions\/27308"}],"wp:featuredmedia":[{"embeddable":true,"href":"https:\/\/www.porbatata.pt\/en\/wp-json\/wp\/v2\/media\/27305"}],"wp:attachment":[{"href":"https:\/\/www.porbatata.pt\/en\/wp-json\/wp\/v2\/media?parent=27304"}],"wp:term":[{"taxonomy":"category","embeddable":true,"href":"https:\/\/www.porbatata.pt\/en\/wp-json\/wp\/v2\/categories?post=27304"},{"taxonomy":"post_tag","embeddable":true,"href":"https:\/\/www.porbatata.pt\/en\/wp-json\/wp\/v2\/tags?post=27304"}],"curies":[{"name":"wp","href":"https:\/\/api.w.org\/{rel}","templated":true}]}}