{"id":27309,"date":"2021-07-30T17:30:14","date_gmt":"2021-07-30T17:30:14","guid":{"rendered":"https:\/\/www.porbatata.pt\/?p=27309"},"modified":"2021-07-30T17:52:59","modified_gmt":"2021-07-30T17:52:59","slug":"campo-de-demonstracao-de-variedades-de-batata-na-agroglobal-2021","status":"publish","type":"post","link":"https:\/\/www.porbatata.pt\/en\/campo-de-demonstracao-de-variedades-de-batata-na-agroglobal-2021\/","title":{"rendered":"CAMPO DE DEMONSTRA\u00c7\u00c3O DE VARIEDADES DE BATATA NA AGROGLOBAL 2021"},"content":{"rendered":"<p>A incerteza \u00e9 a nova palavra de ordem\u2026<br \/>\nH\u00e1 um ano atr\u00e1s cheios de expectativas optimistas e num cen\u00e1rio indefinido, plant\u00e1mos o campo de demonstra\u00e7\u00e3o de batata para a Agroglobal, mas esta acabou por n\u00e3o acontecer\u2026<br \/>\nMas a vida deve e tem de continuar\u2026<br \/>\nNum clima de muita indecis\u00e3o, mas com uma esperan\u00e7a renovada a Porbatata voltou a aceitar o desafio colocado pela organiza\u00e7\u00e3o da Agroglobal, para participar nos campos de demonstra\u00e7\u00e3o de batata para a edi\u00e7\u00e3o de 2021.<br \/>\nA Agroglobal pretende promover as culturas agro-industriais e o campo de demonstra\u00e7\u00e3o de batata tem essa finalidade, dar a conhecer algumas das variedades de ind\u00fastria mais interessantes das v\u00e1rias casas de semente. Nesta edi\u00e7\u00e3o nem s\u00f3 a batata de ind\u00fastria est\u00e1 presente, tamb\u00e9m houve planta\u00e7\u00e3o de batata de consumo em fresco, por uma quest\u00e3o de estrat\u00e9gica das casas de semente, havendo por isso v\u00e1rias segmenta\u00e7\u00f5es no campo de batata.<br \/>\nPara a realiza\u00e7\u00e3o do campo de demonstra\u00e7\u00e3o de batata em 1,7 ha com rega por pivot, contamos com a parceria de algumas das casas de semente s\u00f3cias da Porbatata: Agrico, Germicopa, HZPC, Meijer e Stet. Contamos ainda com a parceria da ADP em aduba\u00e7\u00e3o de fundo, da Alltech no tratamento do solo e aduba\u00e7\u00e3o foliar e os tratamentos fitossanit\u00e1rios assim como todas as orienta\u00e7\u00f5es t\u00e9cnicas s\u00e3o da responsabilidade dos t\u00e9cnicos Pedro Quintino e Rui Cruz que selecionam no mercado as melhores solu\u00e7\u00f5es para os tratamentos mais eficazes. Os trabalhos culturais s\u00e3o da responsabilidade da equipa da Agroglobal.<br \/>\nAntes da planta\u00e7\u00e3o a 5 de Maio de 2021, foram feitas al\u00e9m de uma aduba\u00e7\u00e3o de fundo, uma estruma\u00e7\u00e3o e controlo de infestantes com herbicida. At\u00e9 \u00e0 data foram efectuados 10 tratamentos fitossanit\u00e1rios e tr\u00eas aduba\u00e7\u00f5es de cobertura.<br \/>\nCulturalmente o desenvolvimento das batateiras tem decorrido com normalidade, de notar a presen\u00e7a de alguns escaravelhos, bem como algum m\u00edldio e altern\u00e1ria mas que a r\u00e1pida interven\u00e7\u00e3o dos respons\u00e1veis t\u00e9cnicos pelo campo tem sido eficaz para o seu controle.<br \/>\nA colheita est\u00e1 prevista para os dias da Agroglobal 7, 8 e 9 de Setembro, e as batatas de ind\u00fastria aqui produzidas, seguir\u00e3o para a SIA-Aperitivos, tamb\u00e9m socia da Porbatata.<\/p>\n","protected":false},"excerpt":{"rendered":"<p>A incerteza \u00e9 a nova palavra de ordem\u2026 H\u00e1 um ano atr\u00e1s cheios de expectativas optimistas e num cen\u00e1rio indefinido,&#8230;<\/p>\n","protected":false},"author":2,"featured_media":27310,"comment_status":"closed","ping_status":"closed","sticky":false,"template":"","format":"standard","meta":{"footnotes":""},"categories":[104,121,1],"tags":[],"class_list":["post-27309","post","type-post","status-publish","format-standard","has-post-thumbnail","hentry","category-agenda","category-institucional","category-noticias"],"translation":{"provider":"WPGlobus","version":"3.0.0","language":"en","enabled_languages":["pt","en"],"languages":{"pt":{"title":true,"content":true,"excerpt":false},"en":{"title":false,"content":false,"excerpt":false}}},"_links":{"self":[{"href":"https:\/\/www.porbatata.pt\/en\/wp-json\/wp\/v2\/posts\/27309","targetHints":{"allow":["GET"]}}],"collection":[{"href":"https:\/\/www.porbatata.pt\/en\/wp-json\/wp\/v2\/posts"}],"about":[{"href":"https:\/\/www.porbatata.pt\/en\/wp-json\/wp\/v2\/types\/post"}],"author":[{"embeddable":true,"href":"https:\/\/www.porbatata.pt\/en\/wp-json\/wp\/v2\/users\/2"}],"replies":[{"embeddable":true,"href":"https:\/\/www.porbatata.pt\/en\/wp-json\/wp\/v2\/comments?post=27309"}],"version-history":[{"count":2,"href":"https:\/\/www.porbatata.pt\/en\/wp-json\/wp\/v2\/posts\/27309\/revisions"}],"predecessor-version":[{"id":27312,"href":"https:\/\/www.porbatata.pt\/en\/wp-json\/wp\/v2\/posts\/27309\/revisions\/27312"}],"wp:featuredmedia":[{"embeddable":true,"href":"https:\/\/www.porbatata.pt\/en\/wp-json\/wp\/v2\/media\/27310"}],"wp:attachment":[{"href":"https:\/\/www.porbatata.pt\/en\/wp-json\/wp\/v2\/media?parent=27309"}],"wp:term":[{"taxonomy":"category","embeddable":true,"href":"https:\/\/www.porbatata.pt\/en\/wp-json\/wp\/v2\/categories?post=27309"},{"taxonomy":"post_tag","embeddable":true,"href":"https:\/\/www.porbatata.pt\/en\/wp-json\/wp\/v2\/tags?post=27309"}],"curies":[{"name":"wp","href":"https:\/\/api.w.org\/{rel}","templated":true}]}}