{"id":27384,"date":"2021-10-29T12:17:17","date_gmt":"2021-10-29T12:17:17","guid":{"rendered":"https:\/\/www.porbatata.pt\/?p=27384"},"modified":"2021-10-29T19:19:14","modified_gmt":"2021-10-29T19:19:14","slug":"do-prado-ao-prato-parlamento-europeu-quer-alimentos-mais-saudaveis-e-sustentaveis-na-ue","status":"publish","type":"post","link":"https:\/\/www.porbatata.pt\/en\/do-prado-ao-prato-parlamento-europeu-quer-alimentos-mais-saudaveis-e-sustentaveis-na-ue\/","title":{"rendered":"DO PRADO AO PRATO: PARLAMENTO EUROPEU QUER ALIMENTOS MAIS SAUD\u00c1VEIS E SUSTENT\u00c1VEIS NA UE\u00a0"},"content":{"rendered":"<p>O Parlamento Europeu (PE) prop\u00f4s\u00a0medidas para a produ\u00e7\u00e3o de alimentos mais saud\u00e1veis na UE, que garantam tamb\u00e9m a seguran\u00e7a alimentar, um rendimento justo para os agricultores e redu\u00e7\u00e3o na pegada ambiental.<\/p>\n<p>A assembleia congratula-se com a\u00a0<a href=\"https:\/\/ec.europa.eu\/commission\/presscorner\/detail\/pt\/ip_20_884\" target=\"_blank\" rel=\"noopener\" data-cke-saved-href=\"https:\/\/ec.europa.eu\/commission\/presscorner\/detail\/pt\/ip_20_884\">Estrat\u00e9gia do Prado ao Prato<\/a>, apresentada pela Comiss\u00e3o Europeia em maio de 2020, sublinhando a import\u00e2ncia da produ\u00e7\u00e3o de alimentos saud\u00e1veis, que respeite o bem-estar animal e que permita aos consumidores fazer escolhas mais saud\u00e1veis e sustent\u00e1veis, de modo a alcan\u00e7ar os objetivos do Pacto Ecol\u00f3gico Europeu em mat\u00e9ria de clima, biodiversidade, polui\u00e7\u00e3o zero e sa\u00fade p\u00fablica.<\/p>\n<p>Os eurodeputados destacam a necessidade de refor\u00e7ar a sustentabilidade em cada etapa da cadeia de abastecimento alimentar e reafirmam que todos \u2013 do agricultor ao consumidor \u2013 t\u00eam um papel a desempenhar. O PE insta a Comiss\u00e3o a redobrar os esfor\u00e7os para refor\u00e7ar a posi\u00e7\u00e3o dos agricultores na cadeia de abastecimento alimentar, nomeadamente atrav\u00e9s da adapta\u00e7\u00e3o das regras da concorr\u00eancia, para que estes possam obter uma parte equitativa do valor acrescentado dos alimentos produzidos de forma sustent\u00e1vel.<\/p>\n<p>Outras recomenda\u00e7\u00f5es da assembleia europeia dizem respeito a:<\/p>\n<p><em><u>Alimenta\u00e7\u00e3o mais saud\u00e1vel:<\/u><\/em><\/p>\n<p>&#8211; recomenda\u00e7\u00f5es \u00e0 escala da UE, baseadas na ci\u00eancia, relativas a regimes alimentares saud\u00e1veis, incluindo a cria\u00e7\u00e3o de \u201cum r\u00f3tulo nutricional da UE na frente da embalagem, obrigat\u00f3rio e harmonizado\u201d;<\/p>\n<p>&#8211; necessidade de reduzir o consumo excessivo de carne e de alimentos altamente processados, com elevado teor de sal, a\u00e7\u00facar e gordura, nomeadamente atrav\u00e9s da fixa\u00e7\u00e3o de teores m\u00e1ximos em determinados alimentos transformados.<\/p>\n<p><u><em>Pesticidas e prote\u00e7\u00e3o dos polinizadores:<\/em><\/u><\/p>\n<p>&#8211; melhoria do processo de aprova\u00e7\u00e3o de pesticidas e do acompanhamento das medidas para proteger os polinizadores e a biodiversidade;<\/p>\n<p>&#8211; metas vinculativas para reduzir a utiliza\u00e7\u00e3o de pesticidas. Os Estados-Membros devem aplicar as metas atrav\u00e9s dos seus Planos Estrat\u00e9gicos da PAC.<\/p>\n<p><u><em>Emiss\u00f5es de gases com efeito de estufa:<\/em><\/u><\/p>\n<p>&#8211; o\u00a0<a href=\"https:\/\/ec.europa.eu\/commission\/presscorner\/detail\/pt\/ip_21_3541\" target=\"_blank\" rel=\"noopener\" data-cke-saved-href=\"https:\/\/ec.europa.eu\/commission\/presscorner\/detail\/pt\/ip_21_3541\">pacote Objetivo 55<\/a>\u00a0(\u201cFit for 55\u201d) tem de regulamentar e definir metas ambiciosas para as emiss\u00f5es provenientes da agricultura e da respetiva utiliza\u00e7\u00e3o dos solos, incluindo crit\u00e9rios rigorosos para a produ\u00e7\u00e3o de energias renov\u00e1veis baseadas na biomassa;<\/p>\n<p>&#8211; os sumidouros naturais de carbono t\u00eam de ser preservados e restaurados.<\/p>\n<p><u><em>Bem-estar animal:<\/em><\/u><\/p>\n<p>&#8211; necessidade de indicadores de bem-estar animal comuns, baseados na ci\u00eancia, para uma maior harmoniza\u00e7\u00e3o a n\u00edvel da UE;<\/p>\n<p>&#8211; avalia\u00e7\u00e3o da atual legisla\u00e7\u00e3o da UE para verificar se s\u00e3o necess\u00e1rias altera\u00e7\u00f5es;<\/p>\n<p>&#8211; elimina\u00e7\u00e3o gradual da utiliza\u00e7\u00e3o de gaiolas na cria\u00e7\u00e3o de animais na UE;<\/p>\n<p>&#8211; os produtos de origem animal oriundos de pa\u00edses terceiros s\u00f3 dever\u00e3o ser autorizados se cumprirem as normas da UE.<\/p>\n<p><u><em>Agricultura biol\u00f3gica:<\/em><\/u><\/p>\n<p>&#8211; as terras para a agricultura biol\u00f3gica da UE devem aumentar at\u00e9 2030;<\/p>\n<p>&#8211; necessidade de iniciativas de promo\u00e7\u00e3o, contrata\u00e7\u00e3o p\u00fablica e fiscalidade para estimular a procura.<\/p>\n<p>Fonte:\u00a0 Comiss\u00e3o Europeia<\/p>\n","protected":false},"excerpt":{"rendered":"<p>O Parlamento Europeu (PE) prop\u00f4s\u00a0medidas para a produ\u00e7\u00e3o de alimentos mais saud\u00e1veis na UE, que garantam tamb\u00e9m a seguran\u00e7a alimentar,&#8230;<\/p>\n","protected":false},"author":2,"featured_media":27385,"comment_status":"closed","ping_status":"closed","sticky":false,"template":"","format":"standard","meta":{"footnotes":""},"categories":[120,1],"tags":[],"class_list":["post-27384","post","type-post","status-publish","format-standard","has-post-thumbnail","hentry","category-legislacao","category-noticias"],"translation":{"provider":"WPGlobus","version":"3.0.0","language":"en","enabled_languages":["pt","en"],"languages":{"pt":{"title":true,"content":true,"excerpt":false},"en":{"title":false,"content":false,"excerpt":false}}},"_links":{"self":[{"href":"https:\/\/www.porbatata.pt\/en\/wp-json\/wp\/v2\/posts\/27384","targetHints":{"allow":["GET"]}}],"collection":[{"href":"https:\/\/www.porbatata.pt\/en\/wp-json\/wp\/v2\/posts"}],"about":[{"href":"https:\/\/www.porbatata.pt\/en\/wp-json\/wp\/v2\/types\/post"}],"author":[{"embeddable":true,"href":"https:\/\/www.porbatata.pt\/en\/wp-json\/wp\/v2\/users\/2"}],"replies":[{"embeddable":true,"href":"https:\/\/www.porbatata.pt\/en\/wp-json\/wp\/v2\/comments?post=27384"}],"version-history":[{"count":2,"href":"https:\/\/www.porbatata.pt\/en\/wp-json\/wp\/v2\/posts\/27384\/revisions"}],"predecessor-version":[{"id":27387,"href":"https:\/\/www.porbatata.pt\/en\/wp-json\/wp\/v2\/posts\/27384\/revisions\/27387"}],"wp:featuredmedia":[{"embeddable":true,"href":"https:\/\/www.porbatata.pt\/en\/wp-json\/wp\/v2\/media\/27385"}],"wp:attachment":[{"href":"https:\/\/www.porbatata.pt\/en\/wp-json\/wp\/v2\/media?parent=27384"}],"wp:term":[{"taxonomy":"category","embeddable":true,"href":"https:\/\/www.porbatata.pt\/en\/wp-json\/wp\/v2\/categories?post=27384"},{"taxonomy":"post_tag","embeddable":true,"href":"https:\/\/www.porbatata.pt\/en\/wp-json\/wp\/v2\/tags?post=27384"}],"curies":[{"name":"wp","href":"https:\/\/api.w.org\/{rel}","templated":true}]}}