{"id":27394,"date":"2021-10-29T13:38:11","date_gmt":"2021-10-29T13:38:11","guid":{"rendered":"https:\/\/www.porbatata.pt\/?p=27394"},"modified":"2021-10-29T19:39:47","modified_gmt":"2021-10-29T19:39:47","slug":"perspectivas-de-curto-prazo-dos-mercados-agricolas-da-ue-no-outono-de-2021","status":"publish","type":"post","link":"https:\/\/www.porbatata.pt\/en\/perspectivas-de-curto-prazo-dos-mercados-agricolas-da-ue-no-outono-de-2021\/","title":{"rendered":"PERSPECTIVAS DE CURTO PRAZO DOS MERCADOS AGR\u00cdCOLAS DA UE NO OUTONO DE 2021"},"content":{"rendered":"<p>A\u00a0<a href=\"https:\/\/ec.europa.eu\/info\/news\/agricultural-sectors-impacted-differently-rise-input-commodity-prices-2021-oct-08_en#moreinfo\" target=\"_blank\" rel=\"noopener\" data-cke-saved-href=\"https:\/\/ec.europa.eu\/info\/news\/agricultural-sectors-impacted-differently-rise-input-commodity-prices-2021-oct-08_en#moreinfo\">edi\u00e7\u00e3o de outono de 2021 do relat\u00f3rio perspectivas de curto prazo<\/a>\u00a0publicado em 8 de outubro de 2021 pela Comiss\u00e3o Europeia, apresenta uma vis\u00e3o detalhada das \u00faltimas tend\u00eancias e novas perspectivas para v\u00e1rios setores agroalimentares da UE (as batatas n\u00e3o est\u00e3o inclu\u00eddas). Em termos globais, a Comiss\u00e3o aponta como o setor agroalimentar da UE \u00e9 confrontado com o aumento dos pre\u00e7os das commodities \u2013 nomeadamente\u00a0devido \u00e0 recupera\u00e7\u00e3o das economias da UE, dos EUA e da China. O aumento dos pre\u00e7os de energia e transporte e as consequ\u00eancias da dissemina\u00e7\u00e3o da variante DELTA COVID-19, em particular na \u00c1sia, est\u00e3o tendo um impacto disruptivo nas cadeias de suprimentos em todo o mundo, diz o relat\u00f3rio.<\/p>\n<p><img loading=\"lazy\" decoding=\"async\" src=\"https:\/\/mcusercontent.com\/70d2d3c7b3a3eba9d37af55bd\/images\/140244e7-3f5f-cde2-1242-ebc40b9bb776.png\" width=\"600\" height=\"187\" data-file-id=\"13087015\" data-cke-saved-src=\"https:\/\/mcusercontent.com\/70d2d3c7b3a3eba9d37af55bd\/images\/140244e7-3f5f-cde2-1242-ebc40b9bb776.png\" \/><\/p>\n<p>Fonte:\u00a0 Comiss\u00e3o Europeia<\/p>\n","protected":false},"excerpt":{"rendered":"<p>A\u00a0edi\u00e7\u00e3o de outono de 2021 do relat\u00f3rio perspectivas de curto prazo\u00a0publicado em 8 de outubro de 2021 pela Comiss\u00e3o Europeia,&#8230;<\/p>\n","protected":false},"author":2,"featured_media":27395,"comment_status":"closed","ping_status":"closed","sticky":false,"template":"","format":"standard","meta":{"footnotes":""},"categories":[120,1],"tags":[],"class_list":["post-27394","post","type-post","status-publish","format-standard","has-post-thumbnail","hentry","category-legislacao","category-noticias"],"translation":{"provider":"WPGlobus","version":"3.0.0","language":"en","enabled_languages":["pt","en"],"languages":{"pt":{"title":true,"content":true,"excerpt":false},"en":{"title":false,"content":false,"excerpt":false}}},"_links":{"self":[{"href":"https:\/\/www.porbatata.pt\/en\/wp-json\/wp\/v2\/posts\/27394","targetHints":{"allow":["GET"]}}],"collection":[{"href":"https:\/\/www.porbatata.pt\/en\/wp-json\/wp\/v2\/posts"}],"about":[{"href":"https:\/\/www.porbatata.pt\/en\/wp-json\/wp\/v2\/types\/post"}],"author":[{"embeddable":true,"href":"https:\/\/www.porbatata.pt\/en\/wp-json\/wp\/v2\/users\/2"}],"replies":[{"embeddable":true,"href":"https:\/\/www.porbatata.pt\/en\/wp-json\/wp\/v2\/comments?post=27394"}],"version-history":[{"count":2,"href":"https:\/\/www.porbatata.pt\/en\/wp-json\/wp\/v2\/posts\/27394\/revisions"}],"predecessor-version":[{"id":27397,"href":"https:\/\/www.porbatata.pt\/en\/wp-json\/wp\/v2\/posts\/27394\/revisions\/27397"}],"wp:featuredmedia":[{"embeddable":true,"href":"https:\/\/www.porbatata.pt\/en\/wp-json\/wp\/v2\/media\/27395"}],"wp:attachment":[{"href":"https:\/\/www.porbatata.pt\/en\/wp-json\/wp\/v2\/media?parent=27394"}],"wp:term":[{"taxonomy":"category","embeddable":true,"href":"https:\/\/www.porbatata.pt\/en\/wp-json\/wp\/v2\/categories?post=27394"},{"taxonomy":"post_tag","embeddable":true,"href":"https:\/\/www.porbatata.pt\/en\/wp-json\/wp\/v2\/tags?post=27394"}],"curies":[{"name":"wp","href":"https:\/\/api.w.org\/{rel}","templated":true}]}}