{"id":27572,"date":"2022-02-28T18:54:03","date_gmt":"2022-02-28T18:54:03","guid":{"rendered":"https:\/\/www.porbatata.pt\/?p=27572"},"modified":"2022-02-28T18:56:25","modified_gmt":"2022-02-28T18:56:25","slug":"jornadas-internacionais-da-batata-save-the-date","status":"publish","type":"post","link":"https:\/\/www.porbatata.pt\/en\/jornadas-internacionais-da-batata-save-the-date\/","title":{"rendered":"JORNADAS INTERNACIONAIS DA BATATA"},"content":{"rendered":"<p>SAVE THE DATE<\/p>\n<p>A Porbatata em parceria com a APH, COTHN, ESAS e FNOP, vai realizar nos pr\u00f3ximos dias 3 e 4 de Maio, as Jornadas Internacionais da Batata em Alcochete.<br \/>\nO sector agr\u00edcola e em particular o da batata tem sido colocado \u00e0 prova e de ano para ano num contexto de enormes mudan\u00e7as globais, os desafios mostram-se cada vez mais sublimes. A resili\u00eancia e a determina\u00e7\u00e3o tem sido as palavras que melhor definem este sector.<br \/>\nAs Jornadas Internacionais da batata surgem como um espa\u00e7o de debate, onde quest\u00f5es relacionadas com os mercados, com destaque para os mercados internacionais e exporta\u00e7\u00e3o, a organiza\u00e7\u00e3o, o aumento do custo dos factores de produ\u00e7\u00e3o, as novas tecnologias, a fitossanidade, a escassez de \u00e1gua e as altera\u00e7\u00f5es clim\u00e1ticas, ser\u00e3o debatidos por forma a dar resposta e contribuir para o esclarecimento e motiva\u00e7\u00e3o dos agentes do sector.<br \/>\nPrograma e as inscri\u00e7\u00f5es estar\u00e3o dispon\u00edveis durante o m\u00eas de Mar\u00e7o. Esteja atento.<br \/>\n<img loading=\"lazy\" decoding=\"async\" src=\"https:\/\/mcusercontent.com\/70d2d3c7b3a3eba9d37af55bd\/images\/404c92bb-fe13-7c93-408d-09211819980e.jpg\" width=\"640\" height=\"533\" data-file-id=\"13248269\" data-cke-saved-src=\"https:\/\/mcusercontent.com\/70d2d3c7b3a3eba9d37af55bd\/images\/404c92bb-fe13-7c93-408d-09211819980e.jpg\" \/><\/p>\n","protected":false},"excerpt":{"rendered":"<p>SAVE THE DATE A Porbatata em parceria com a APH, COTHN, ESAS e FNOP, vai realizar nos pr\u00f3ximos dias 3&#8230;<\/p>\n","protected":false},"author":2,"featured_media":27573,"comment_status":"closed","ping_status":"closed","sticky":false,"template":"","format":"standard","meta":{"footnotes":""},"categories":[108,104,121,1],"tags":[],"class_list":["post-27572","post","type-post","status-publish","format-standard","has-post-thumbnail","hentry","category-destaque","category-agenda","category-institucional","category-noticias"],"translation":{"provider":"WPGlobus","version":"3.0.0","language":"en","enabled_languages":["pt","en"],"languages":{"pt":{"title":true,"content":true,"excerpt":false},"en":{"title":false,"content":false,"excerpt":false}}},"_links":{"self":[{"href":"https:\/\/www.porbatata.pt\/en\/wp-json\/wp\/v2\/posts\/27572","targetHints":{"allow":["GET"]}}],"collection":[{"href":"https:\/\/www.porbatata.pt\/en\/wp-json\/wp\/v2\/posts"}],"about":[{"href":"https:\/\/www.porbatata.pt\/en\/wp-json\/wp\/v2\/types\/post"}],"author":[{"embeddable":true,"href":"https:\/\/www.porbatata.pt\/en\/wp-json\/wp\/v2\/users\/2"}],"replies":[{"embeddable":true,"href":"https:\/\/www.porbatata.pt\/en\/wp-json\/wp\/v2\/comments?post=27572"}],"version-history":[{"count":3,"href":"https:\/\/www.porbatata.pt\/en\/wp-json\/wp\/v2\/posts\/27572\/revisions"}],"predecessor-version":[{"id":27575,"href":"https:\/\/www.porbatata.pt\/en\/wp-json\/wp\/v2\/posts\/27572\/revisions\/27575"}],"wp:featuredmedia":[{"embeddable":true,"href":"https:\/\/www.porbatata.pt\/en\/wp-json\/wp\/v2\/media\/27573"}],"wp:attachment":[{"href":"https:\/\/www.porbatata.pt\/en\/wp-json\/wp\/v2\/media?parent=27572"}],"wp:term":[{"taxonomy":"category","embeddable":true,"href":"https:\/\/www.porbatata.pt\/en\/wp-json\/wp\/v2\/categories?post=27572"},{"taxonomy":"post_tag","embeddable":true,"href":"https:\/\/www.porbatata.pt\/en\/wp-json\/wp\/v2\/tags?post=27572"}],"curies":[{"name":"wp","href":"https:\/\/api.w.org\/{rel}","templated":true}]}}