{"id":27601,"date":"2022-03-31T17:48:54","date_gmt":"2022-03-31T17:48:54","guid":{"rendered":"https:\/\/www.porbatata.pt\/?p=27601"},"modified":"2022-04-01T15:22:46","modified_gmt":"2022-04-01T15:22:46","slug":"jornadas-internacionais-da-batata-programa-e-inscricoes","status":"publish","type":"post","link":"https:\/\/www.porbatata.pt\/en\/jornadas-internacionais-da-batata-programa-e-inscricoes\/","title":{"rendered":"JORNADAS INTERNACIONAIS DA BATATA Programa e Inscri\u00e7\u00f5es"},"content":{"rendered":"<p>A Porbatata em parceria com a APH, COTHN, ESAS e FNOP, vai realizar nos pr\u00f3ximos dias 3 e 4 de Maio, as Jornadas Internacionais da Batata em Alcochete.<br \/>\nO sector agr\u00edcola e em particular o da batata tem sido colocado \u00e0 prova e de ano para ano num contexto de enormes mudan\u00e7as globais, os desafios mostram-se cada vez mais sublimes. A resili\u00eancia e a determina\u00e7\u00e3o tem sido as palavras que melhor definem este sector.<br \/>\nAs Jornadas Internacionais da batata surgem como um espa\u00e7o de debate, onde quest\u00f5es relacionadas com os mercados, com destaque para os mercados internacionais e exporta\u00e7\u00e3o, a organiza\u00e7\u00e3o, o aumento do custo dos factores de produ\u00e7\u00e3o, as novas tecnologias, a fitossanidade, a escassez de \u00e1gua e as altera\u00e7\u00f5es clim\u00e1ticas, ser\u00e3o debatidos por forma a dar resposta e contribuir para o esclarecimento e motiva\u00e7\u00e3o dos agentes do sector.<br \/>\n<a href=\"https:\/\/drive.google.com\/file\/d\/17iCOhPtUGW5Q8QeOgEzJf2BdmZrFWZYo\/view?usp=sharing\" target=\"_blank\" rel=\"noopener\" data-cke-saved-href=\"https:\/\/drive.google.com\/file\/d\/1oW2XWkl3jU_QWC4QW69zHN7tRxvUeHvm\/view?usp=sharing\">Consulte o programa aqui<\/a><br \/>\n<a href=\"https:\/\/www.queroir.pt\/jornadas-internacionais-da-batata\" target=\"_blank\" rel=\"noopener\" data-cke-saved-href=\"https:\/\/www.queroir.pt\/jornadas-internacionais-da-batata\">Inscreva-se aqui<\/a><\/p>\n","protected":false},"excerpt":{"rendered":"<p>A Porbatata em parceria com a APH, COTHN, ESAS e FNOP, vai realizar nos pr\u00f3ximos dias 3 e 4 de&#8230;<\/p>\n","protected":false},"author":2,"featured_media":27603,"comment_status":"closed","ping_status":"closed","sticky":false,"template":"","format":"standard","meta":{"footnotes":""},"categories":[104,121,1],"tags":[],"class_list":["post-27601","post","type-post","status-publish","format-standard","has-post-thumbnail","hentry","category-agenda","category-institucional","category-noticias"],"translation":{"provider":"WPGlobus","version":"3.0.0","language":"en","enabled_languages":["pt","en"],"languages":{"pt":{"title":true,"content":true,"excerpt":false},"en":{"title":false,"content":false,"excerpt":false}}},"_links":{"self":[{"href":"https:\/\/www.porbatata.pt\/en\/wp-json\/wp\/v2\/posts\/27601","targetHints":{"allow":["GET"]}}],"collection":[{"href":"https:\/\/www.porbatata.pt\/en\/wp-json\/wp\/v2\/posts"}],"about":[{"href":"https:\/\/www.porbatata.pt\/en\/wp-json\/wp\/v2\/types\/post"}],"author":[{"embeddable":true,"href":"https:\/\/www.porbatata.pt\/en\/wp-json\/wp\/v2\/users\/2"}],"replies":[{"embeddable":true,"href":"https:\/\/www.porbatata.pt\/en\/wp-json\/wp\/v2\/comments?post=27601"}],"version-history":[{"count":3,"href":"https:\/\/www.porbatata.pt\/en\/wp-json\/wp\/v2\/posts\/27601\/revisions"}],"predecessor-version":[{"id":27608,"href":"https:\/\/www.porbatata.pt\/en\/wp-json\/wp\/v2\/posts\/27601\/revisions\/27608"}],"wp:featuredmedia":[{"embeddable":true,"href":"https:\/\/www.porbatata.pt\/en\/wp-json\/wp\/v2\/media\/27603"}],"wp:attachment":[{"href":"https:\/\/www.porbatata.pt\/en\/wp-json\/wp\/v2\/media?parent=27601"}],"wp:term":[{"taxonomy":"category","embeddable":true,"href":"https:\/\/www.porbatata.pt\/en\/wp-json\/wp\/v2\/categories?post=27601"},{"taxonomy":"post_tag","embeddable":true,"href":"https:\/\/www.porbatata.pt\/en\/wp-json\/wp\/v2\/tags?post=27601"}],"curies":[{"name":"wp","href":"https:\/\/api.w.org\/{rel}","templated":true}]}}