{"id":27691,"date":"2022-05-24T12:19:32","date_gmt":"2022-05-24T12:19:32","guid":{"rendered":"https:\/\/www.porbatata.pt\/?p=27691"},"modified":"2022-05-24T12:19:32","modified_gmt":"2022-05-24T12:19:32","slug":"jornadas-internacionais-da-batata-em-alcochete","status":"publish","type":"post","link":"https:\/\/www.porbatata.pt\/en\/jornadas-internacionais-da-batata-em-alcochete\/","title":{"rendered":"JORNADAS INTERNACIONAIS DA BATATA\u00a0 EM ALCOCHETE\u00a0"},"content":{"rendered":"<p>As Jornadas Internacionais da Batata decorram a 3 e 4 de maio, no F\u00f3rum Cultural em Alcochete. Estes dois dias reuniu mais de 150 participantes, entre especialistas nacionais, estrangeiros, representantes da fileira nomeadamente t\u00e9cnicos, produtores e operadores \u00a0que debateram o momento particularmente desafiante para a Batata portuguesa.<\/p>\n<p>Estas jornadas promovidas pela Porbatata no \u00e2mbito do projeto da Promo\u00e7\u00e3o da Batata Portuguesa nos Mercados Externos, apoiada pelo Portugal 2020, inserido no Programa Operacional Competitividade e Internacionaliza\u00e7\u00e3o, em parceria com diversas associa\u00e7\u00f5es \u2013 a Associa\u00e7\u00e3o Portuguesa de Horticultura (APH), o Centro Operativo e Tecnol\u00f3gico Hortofrut\u00edcola Nacional (COTHN), a Escola Superior Agr\u00e1ria de Santar\u00e9m (ESAS) e a Federa\u00e7\u00e3o Nacional das Organiza\u00e7\u00f5es de Produtores de Frutas e Hort\u00edcola (FNOP).\u00a0 Contou ainda com o patrocinio da Safe-Crop, Nufarm, Hubel, Belchim, Ascenza, Mass\u00f3, BASF, Alltech, Valorfito e Magos.<\/p>\n<p>Nestas jornadas abordaram-se tem\u00e1ticas determinantes para a Batata portuguesa como mercados internacionais e exporta\u00e7\u00f5es, organiza\u00e7\u00e3o e aumento de custos dos fatores de produ\u00e7\u00e3o, novas tecnologias, fitossanidade, escassez de \u00e1gua e altera\u00e7\u00f5es clim\u00e1ticas.<\/p>\n<p>O encerramento em sala das jornadas contou com a presen\u00e7a da Ministra da Agricultura e da Alimenta\u00e7\u00e3o, Maria do C\u00e9u Antunes. \u00c0 tarde realizou-se uma visita a campos de produ\u00e7\u00e3o de batata do Sr\u00baPaulo Bartolo e do Sr\u00ba Lino Caetano e \u00e0 central de embalamento e expedi\u00e7\u00e3o da Organiza\u00e7\u00e3o de produtores Primohorta.<\/p>\n<p>Poder\u00e1 visualizar as grava\u00e7\u00f5es do\u00a0evento no canal <a href=\"https:\/\/www.youtube.com\/channel\/UCD3vpzW6w_NM1RBwg7tMPVQ\/featured\" target=\"_blank\" rel=\"noopener\" data-cke-saved-href=\"https:\/\/www.youtube.com\/channel\/UCD3vpzW6w_NM1RBwg7tMPVQ\/featured\">youtube da Porbatata.<\/a><\/p>\n<p><a href=\"https:\/\/youtu.be\/AnOesacXSmY\" target=\"_blank\" rel=\"noopener\" data-cke-saved-href=\"https:\/\/youtu.be\/AnOesacXSmY\">Veja o video de resumo aqui<\/a>\u00a0\u00a0<a href=\"https:\/\/youtu.be\/AnOesacXSmY\" target=\"_blank\" rel=\"noopener\" data-cke-saved-href=\"https:\/\/youtu.be\/AnOesacXSmY\"><br \/>\n<\/a><\/p>\n","protected":false},"excerpt":{"rendered":"<p>As Jornadas Internacionais da Batata decorram a 3 e 4 de maio, no F\u00f3rum Cultural em Alcochete. Estes dois dias&#8230;<\/p>\n","protected":false},"author":2,"featured_media":27692,"comment_status":"closed","ping_status":"closed","sticky":false,"template":"","format":"standard","meta":{"footnotes":""},"categories":[104,121,1],"tags":[],"class_list":["post-27691","post","type-post","status-publish","format-standard","has-post-thumbnail","hentry","category-agenda","category-institucional","category-noticias"],"translation":{"provider":"WPGlobus","version":"3.0.0","language":"en","enabled_languages":["pt","en"],"languages":{"pt":{"title":true,"content":true,"excerpt":false},"en":{"title":false,"content":false,"excerpt":false}}},"_links":{"self":[{"href":"https:\/\/www.porbatata.pt\/en\/wp-json\/wp\/v2\/posts\/27691","targetHints":{"allow":["GET"]}}],"collection":[{"href":"https:\/\/www.porbatata.pt\/en\/wp-json\/wp\/v2\/posts"}],"about":[{"href":"https:\/\/www.porbatata.pt\/en\/wp-json\/wp\/v2\/types\/post"}],"author":[{"embeddable":true,"href":"https:\/\/www.porbatata.pt\/en\/wp-json\/wp\/v2\/users\/2"}],"replies":[{"embeddable":true,"href":"https:\/\/www.porbatata.pt\/en\/wp-json\/wp\/v2\/comments?post=27691"}],"version-history":[{"count":2,"href":"https:\/\/www.porbatata.pt\/en\/wp-json\/wp\/v2\/posts\/27691\/revisions"}],"predecessor-version":[{"id":27741,"href":"https:\/\/www.porbatata.pt\/en\/wp-json\/wp\/v2\/posts\/27691\/revisions\/27741"}],"wp:featuredmedia":[{"embeddable":true,"href":"https:\/\/www.porbatata.pt\/en\/wp-json\/wp\/v2\/media\/27692"}],"wp:attachment":[{"href":"https:\/\/www.porbatata.pt\/en\/wp-json\/wp\/v2\/media?parent=27691"}],"wp:term":[{"taxonomy":"category","embeddable":true,"href":"https:\/\/www.porbatata.pt\/en\/wp-json\/wp\/v2\/categories?post=27691"},{"taxonomy":"post_tag","embeddable":true,"href":"https:\/\/www.porbatata.pt\/en\/wp-json\/wp\/v2\/tags?post=27691"}],"curies":[{"name":"wp","href":"https:\/\/api.w.org\/{rel}","templated":true}]}}