{"id":27751,"date":"2022-12-23T12:19:38","date_gmt":"2022-12-23T12:19:38","guid":{"rendered":"https:\/\/www.porbatata.pt\/?p=27751"},"modified":"2022-12-23T12:28:29","modified_gmt":"2022-12-23T12:28:29","slug":"sessao-de-encerramento-do-projecto-de-internacionalizacao-da-batata-portuguesa-e-o-balanco-da-campanha-da-batata-em-2022","status":"publish","type":"post","link":"https:\/\/www.porbatata.pt\/en\/sessao-de-encerramento-do-projecto-de-internacionalizacao-da-batata-portuguesa-e-o-balanco-da-campanha-da-batata-em-2022\/","title":{"rendered":"Sess\u00e3o de Encerramento do Projecto de internacionaliza\u00e7\u00e3o da batata portuguesa  e o Balan\u00e7o da Campanha da Batata em 2022"},"content":{"rendered":"<div class=\"wp-block-image\">\n<figure class=\"aligncenter size-large\"><img loading=\"lazy\" decoding=\"async\" width=\"1024\" height=\"502\" src=\"https:\/\/www.porbatata.pt\/wp-content\/uploads\/2022\/12\/balanco-1-1024x502.png\" alt=\"\" class=\"wp-image-27752\" srcset=\"https:\/\/www.porbatata.pt\/wp-content\/uploads\/2022\/12\/balanco-1-1024x502.png 1024w, https:\/\/www.porbatata.pt\/wp-content\/uploads\/2022\/12\/balanco-1-300x147.png 300w, https:\/\/www.porbatata.pt\/wp-content\/uploads\/2022\/12\/balanco-1-768x376.png 768w, https:\/\/www.porbatata.pt\/wp-content\/uploads\/2022\/12\/balanco-1.png 1061w\" sizes=\"auto, (max-width: 1024px) 100vw, 1024px\" \/><\/figure><\/div>\n\n\n<p><\/p>\n\n\n\n<p><\/p>\n\n\n\n<p>No dia 23 de Novembro, teve lugar na Escola Superior Agr\u00e1ria de Santar\u00e9m, a Sess\u00e3o de Encerramento do Projecto de internacionaliza\u00e7\u00e3o da batata portuguesa e o Balan\u00e7o da Campanha da Batata em 2022, organizada pela Porbatata em parceria com a FNOP e o COTHN.<\/p>\n\n\n\n<p>O presidente da Porbatata, Eng. S\u00e9rgio Ferreira, fez a sess\u00e3o de abertura e destacou 3 pontos importantes: &#8211; o encerramento do projecto de internacionaliza\u00e7\u00e3o \u00e9 apenas financeiro; &#8211; a capacidade do sector em unir-se no desenrolar do projecto foi muito importante, e que em alguns casos foi poss\u00edvel tirar frutos interessantes deste trabalho; &#8211; dificuldades na promo\u00e7\u00e3o deste produto s\u00e3o evidentes, o que \u00e9 percet\u00edvel pela queda na tend\u00eancia de consumo de batata na Europa.<\/p>\n\n\n\n<p>O programa do evento contou com um leque de temas cruciais para o desenvolvimento e defesa do sector, come\u00e7ando Gisela Pires (Ag\u00eancia Evaristo) por apresentar o balan\u00e7o da Miss Tata face ao encerramento do projecto de internacionaliza\u00e7\u00e3o, em que descreveu todo o processo de constru\u00e7\u00e3o de imagem da Miss Tata como marca colectiva, e ainda sublinhou os desafios em posicionar o produto no mercado de forma competitiva, dado que o consumidor ainda n\u00e3o est\u00e1 formado sobre import\u00e2ncia do produto atendendo \u00e0 sua origem, apenas para a sua finalidade de confe\u00e7\u00e3o. Fez tamb\u00e9m refer\u00eancia \u00e0s condicionantes, causadas pela pandemia, que o projecto enfrentou desde in\u00edcio, como se readaptou o mesmo com excelentes resultados e de como estamos apenas no inicio de um caminho com um trabalho que precisa ser continuado.<\/p>\n\n\n\n<p>Na segunda parte do programa do evento, cont\u00e1mos com a interven\u00e7\u00e3o de Lurdes Almeida (Torriba) sobre o tema &#8220;Oportunidades e Desafios &#8211; Campanha 2022&#8221;, tendo a mesma relatado desafios encontrados, pela organiza\u00e7\u00e3o de produtores da Torriba, nas culturas instaladas em diferentes locais e ciclos: precoce, m\u00e9dio e tardio, cujas condi\u00e7\u00f5es climat\u00e9ricas ao longo do ano tiveram impacto negativo na produ\u00e7\u00e3o com a press\u00e3o provocada por pragas&nbsp;e doen\u00e7as.<br>Como oportunidade destacou a cultura tardia em maio e a batata estival, que t\u00eam vindo a testar, para ir de encontro \u00e0s necessidades de procura na ind\u00fastria. Contudo o controlo de pragas e doen\u00e7as face ao clima entre Ver\u00e3o e Inverno, torna dif\u00edcil a produ\u00e7\u00e3o de batata para o mercado de fresco, antevendo a redu\u00e7\u00e3o de solu\u00e7\u00f5es qu\u00edmicas dispon\u00edveis no mercado num futuro pr\u00f3ximo.<\/p>\n\n\n\n<p>Seguidamente, Cristina Sanz (Corteva Agriscience), sobre o tema da mol\u00e9cula oxamil, fez refer\u00eancia ao \u00faltimo relat\u00f3rio emitido pela&nbsp;<a href=\"https:\/\/www.efsa.europa.eu\/en\" target=\"_blank\" rel=\"noreferrer noopener\">EFSA<\/a>&nbsp;(Entidade Europeia de Seguran\u00e7a Alimentar), que manifestava preocupa\u00e7\u00e3o quanto aos riscos de utiliza\u00e7\u00e3o desta mol\u00e9cula, comercializada como Vydate, por parte do operador, sendo que a Corteva defende ser seguro e o seu uso \u00e9 apoiado por estudos de mitiga\u00e7\u00e3o. Esta mol\u00e9cula \u00e9 aplicada como nematodicida e est\u00e1 atualmente em fase de renova\u00e7\u00e3o pela UE para poder continuar a ser utilizada, sendo a vota\u00e7\u00e3o em Janeiro 2023.<br>Alertou que em caso de resultado negativo, a utiliza\u00e7\u00e3o da mol\u00e9cula ter\u00e1 de ser limitada at\u00e9 ao fim de 2023, n\u00e3o havendo solu\u00e7\u00e3o at\u00e9 2027, quando ter\u00e3o o registo definitivo de um novo nematodicida fluazaindolizina (Reklemel Active).&nbsp;<\/p>\n\n\n\n<p>Da UPL Ib\u00e9rica, Jos\u00e9 Medrano deu a conhecer o novo anti-brolhante Argos, como uma solu\u00e7\u00e3o 100% natural para aplicar durante a conserva\u00e7\u00e3o de batatas \u00e0 base de \u00f3leo essencial de laranja, e j\u00e1 dispon\u00edvel no mercado.<\/p>\n\n\n\n<p>J\u00e1 na mesa redonda de balan\u00e7o da campanha de batata, moderada por Jos\u00e9 Diogo Albuquerque (Agroportal), cont\u00e1mos com as interven\u00e7\u00f5es de S\u00e9rgio Marga\u00e7o (STET), Ricardo Guerra (Jos\u00e9 Guerra) e Humberto Bizarro (Hortapronta), onde abordaram desafios e solu\u00e7\u00f5es para produ\u00e7\u00e3o e comercializa\u00e7\u00e3o de batata semente, batata de ind\u00fastria e batata em fresco, respetivamente.<br>Foram abordados temas relacionados com um melhor planeamento de produ\u00e7\u00e3o de batata em fresco, face \u00e0s necessidades de mercado ao longo do ano, de modo a aliviar o impacto na queda de pre\u00e7o com a altura de entrada de batata francesa em Portugal, recorrendo assim \u00e0 solu\u00e7\u00e3o da batata estival. E que a batata-semente poder\u00e1 sofrer aumentos de pre\u00e7o face \u00e0 quebra de vendas de 2022 em Portugal.&nbsp;<br>Tamb\u00e9m que, o consumo de batata de ind\u00fastria tem vindo aumentar consideravelmente, e o ano 2022 foi de muita procura na quarta gama e em&nbsp;<em>french fries e chips<\/em>. Como desafios para a batata de ind\u00fastria foram destacados, a falta de \u00e1reas para iniciar campanha por forma honrar compromissos, uma vez que a grande subida de custos para os agricultores resultou em falta de confian\u00e7a na garantia de retorno de investimento, associado \u00e0&nbsp;importa\u00e7\u00e3o do produto, em determinadas \u00e9pocas do ano, pela rede de distribui\u00e7\u00e3o, o que faz o sector de produ\u00e7\u00e3o sentir falta de apoio.<br>No caso da batata em fresco, foi referido que o autoconsumo tem vindo a reduzir, \u00e9 necess\u00e1rio incentivar o consumidor, sendo que a promo\u00e7\u00e3o anual da Porbatata deveria come\u00e7ar mais cedo. A crise deve diminuir a procura de batata lavada e aumentar na batata em sujo, mas a produ\u00e7\u00e3o enfrenta custos elevados de produ\u00e7\u00e3o e entre 2021 e 2022 verificou-se comprometida a margem de lucro com as produtividades que existiram.<\/p>\n\n\n\n<p>S\u00e9rgio Ferreira, encerrou o evento com boa perspetiva&nbsp;para o futuro, n\u00e3o esquecendo as dificuldades&nbsp;de 2022 e que 2023 ainda ser\u00e1 dif\u00edcil. Com um mercado complexo e pol\u00edtica de pre\u00e7os oscilante, torna-se importante o trabalho da Porbatata na defesa da fileira, e promo\u00e7\u00e3o como produto diferenciado, mas que a cria\u00e7\u00e3o da associa\u00e7\u00e3o se tratou de uma rea\u00e7\u00e3o&nbsp;tardia do sector em 2016, pelo que os resultados s\u00f3 aconteceram com muito trabalho de imagem na diferencia\u00e7\u00e3o deste produto.<\/p>\n\n\n\n<p>A sess\u00e3o foi transmitida via Zoom (38 inscri\u00e7\u00f5es),&nbsp;teve cerca de 55 pessoas a assistir presencialmente e a grava\u00e7\u00e3o pode ser visualizada na \u00edntegra no canal de Youtube &#8211;&nbsp;<a href=\"https:\/\/www.youtube.com\/watch?v=9tFdA_KkBmw&amp;list=PLF4WH95vAtHACtO_4nunSRxuQbZ5ScUVV\" target=\"_blank\" rel=\"noreferrer noopener\">aqui<\/a>.<\/p>\n","protected":false},"excerpt":{"rendered":"<p>No dia 23 de Novembro, teve lugar na Escola Superior Agr\u00e1ria de Santar\u00e9m, a Sess\u00e3o de Encerramento do Projecto de&#8230;<\/p>\n","protected":false},"author":2,"featured_media":27752,"comment_status":"closed","ping_status":"closed","sticky":false,"template":"","format":"standard","meta":{"footnotes":""},"categories":[104,1],"tags":[],"class_list":["post-27751","post","type-post","status-publish","format-standard","has-post-thumbnail","hentry","category-agenda","category-noticias"],"translation":{"provider":"WPGlobus","version":"3.0.0","language":"en","enabled_languages":["pt","en"],"languages":{"pt":{"title":true,"content":true,"excerpt":false},"en":{"title":false,"content":false,"excerpt":false}}},"_links":{"self":[{"href":"https:\/\/www.porbatata.pt\/en\/wp-json\/wp\/v2\/posts\/27751","targetHints":{"allow":["GET"]}}],"collection":[{"href":"https:\/\/www.porbatata.pt\/en\/wp-json\/wp\/v2\/posts"}],"about":[{"href":"https:\/\/www.porbatata.pt\/en\/wp-json\/wp\/v2\/types\/post"}],"author":[{"embeddable":true,"href":"https:\/\/www.porbatata.pt\/en\/wp-json\/wp\/v2\/users\/2"}],"replies":[{"embeddable":true,"href":"https:\/\/www.porbatata.pt\/en\/wp-json\/wp\/v2\/comments?post=27751"}],"version-history":[{"count":4,"href":"https:\/\/www.porbatata.pt\/en\/wp-json\/wp\/v2\/posts\/27751\/revisions"}],"predecessor-version":[{"id":27756,"href":"https:\/\/www.porbatata.pt\/en\/wp-json\/wp\/v2\/posts\/27751\/revisions\/27756"}],"wp:featuredmedia":[{"embeddable":true,"href":"https:\/\/www.porbatata.pt\/en\/wp-json\/wp\/v2\/media\/27752"}],"wp:attachment":[{"href":"https:\/\/www.porbatata.pt\/en\/wp-json\/wp\/v2\/media?parent=27751"}],"wp:term":[{"taxonomy":"category","embeddable":true,"href":"https:\/\/www.porbatata.pt\/en\/wp-json\/wp\/v2\/categories?post=27751"},{"taxonomy":"post_tag","embeddable":true,"href":"https:\/\/www.porbatata.pt\/en\/wp-json\/wp\/v2\/tags?post=27751"}],"curies":[{"name":"wp","href":"https:\/\/api.w.org\/{rel}","templated":true}]}}