{"id":27871,"date":"2023-04-05T14:14:35","date_gmt":"2023-04-05T14:14:35","guid":{"rendered":"https:\/\/www.porbatata.pt\/?p=27871"},"modified":"2025-07-28T11:39:38","modified_gmt":"2025-07-28T11:39:38","slug":"agriotes-spp-wireworms","status":"publish","type":"post","link":"https:\/\/www.porbatata.pt\/en\/agriotes-spp-wireworms\/","title":{"rendered":"<strong>Agriotes spp. (Wireworms)<\/strong>"},"content":{"rendered":"<p>[vc_row][vc_column][vc_column_text]<\/p>\n<p><\/p>\n\n\n<\/p>\n<p><strong>Os Alfinetes<\/strong>\u00a0s\u00e3o insetos da ordem Coleoptera (fam\u00edlia Elateridae). O adulto mede de 10 a 15 mm e n\u00e3o provoca estragos nas culturas. As f\u00eameas realizam posturas abaixo da superf\u00edcie do solo em campos cobertos com folhagem de plantas (pastagens, pousio, cereais, milho, batatas, etc.) em lotes de 3 a 30 indiv\u00edduos, a uma profundidade de 20 a 60 mm. Estas podem depositar at\u00e9 200 ovos durante a sua vida, que eclodem 25-60 dias ap\u00f3s a postura .<\/p>\n<p>\n\n\n<p><\/p>\n<p><\/p>\n\n\n<\/p>\n<p>Os danos nas culturas s\u00e3o causados pelas larvas (fotografia 1), de cor laranja-amarela brilhante, de 5 a 25 mm. Estas deslocam-se na camada superficial do solo, alimentando-se de \u00f3rg\u00e3os vegetais como caules, ra\u00edzes ou plantas jovens, resultando no enfraquecimento, diminui\u00e7\u00e3o do valor comercial, ou a abertura de portas de entrada de patog\u00e9neos nas plantas afectadas.<\/p>\n<p>\n\n\n<p><\/p>\n<p><\/p>\n\n\n<\/p>\n<p>De acordo com a OEPP (Organiza\u00e7\u00e3o Europeia e Mediterr\u00e2nica para a Protec\u00e7\u00e3o das Plantas), as larvas podem afectar a cultura numa fase inicial, imediatamente ap\u00f3s a planta\u00e7\u00e3o. Sendo extremamente pol\u00edfagos, podem afectar de forma severa culturas como o milho, cereais, beterraba, ou batata, entre outras culturas. Em fun\u00e7\u00e3o da press\u00e3o da praga, os tub\u00e9rculos de batata podem apresentar estragos que inviabilizem a sua comercializa\u00e7\u00e3o.<\/p>\n<p>\n\n\n<p><\/p>\n<p><\/p>\n\n\n<\/p>\n<p>Quando as condi\u00e7\u00f5es clim\u00e1ticas s\u00e3o menos favor\u00e1veis no inverno e no ver\u00e3o, as larvas movem-se para as camadas inferiores do solo, para cerca de 40 a 50 cm e cessam a sua alimenta\u00e7\u00e3o.<\/p>\n<p>\n\n\n<p><\/p>\n<p><\/p>\n\n\n<\/p>\n<figure class=\"wp-block-image alignleft size-full is-resized\"><img loading=\"lazy\" decoding=\"async\" class=\"wp-image-27872\" src=\"https:\/\/www.porbatata.pt\/wp-content\/uploads\/2023\/04\/Imagem1.jpg\" alt=\"\" width=\"381\" height=\"284\" srcset=\"https:\/\/www.porbatata.pt\/wp-content\/uploads\/2023\/04\/Imagem1.jpg 481w, https:\/\/www.porbatata.pt\/wp-content\/uploads\/2023\/04\/Imagem1-300x223.jpg 300w\" sizes=\"auto, (max-width: 381px) 100vw, 381px\" \/>\n<figcaption class=\"wp-element-caption\"><\/figcaption>\n<\/figure>\n<p>\n\n\n<p><\/p>\n<p><\/p>\n\n\n<\/p>\n<figure class=\"wp-block-image size-full is-resized\"><img loading=\"lazy\" decoding=\"async\" class=\"wp-image-27873\" src=\"https:\/\/www.porbatata.pt\/wp-content\/uploads\/2023\/04\/Imagem2.jpg\" alt=\"\" width=\"395\" height=\"293\" srcset=\"https:\/\/www.porbatata.pt\/wp-content\/uploads\/2023\/04\/Imagem2.jpg 481w, https:\/\/www.porbatata.pt\/wp-content\/uploads\/2023\/04\/Imagem2-300x223.jpg 300w\" sizes=\"auto, (max-width: 395px) 100vw, 395px\" \/><\/figure>\n<p>\n\n\n<p><\/p>\n<p><\/p>\n\n\n<\/p>\n<p>\n\n\n<p><\/p>\n<p><\/p>\n\n\n<\/p>\n<p>Fonte: https:\/\/ephytia.inra.fr\/en\/C\/20960\/Potato-Agriotes-spp-Wireworms<\/p>\n<p>&nbsp;<\/p>\n<p>De acordo com o EPHYTIA | INRA, a cultura da batata pode ser afectada por diversas esp\u00e9cies de alfinete, entre as quais se destacam quatro esp\u00e9cies do g\u00e9nero Agriotes. As esp\u00e9cies deste g\u00e9nero podem caracterizar-se entre<sup>(10)<\/sup>:<\/p>\n<p>\n\n\n<p><\/p>\n<p><\/p>\n\n\n<\/p>\n<p><strong>&#8211; ciclo longo<\/strong>: apresentam um ciclo m\u00e9dio de 5 anos, em que se incluem 4 est\u00e1dios larvais subterr\u00e2neos (A.\u00a0<em>lineatus, A. sputator\u00a0<\/em>e A. Obscurus);<\/p>\n<p>\n\n\n<p><\/p>\n<p><\/p>\n\n\n<\/p>\n<p><strong>&#8211; ciclo curto<\/strong>: apresentam um ciclo at\u00edpico de 1 a 2 anos no sul de Fran\u00e7a, onde esta esp\u00e9cie \u00e9 actualmente predominante, podendo apresentar um ciclo mais longo em \u00e1reas mais frias, onde tamb\u00e9m est\u00e1 atualmente identificada (<strong><em>A.sordidus<\/em><\/strong>\u00a0-fotografia 2)<\/p>\n<p>\n\n\n<p><\/p>\n<p><\/p>\n\n\n<\/p>\n<figure class=\"wp-block-image aligncenter size-full is-resized\"><img loading=\"lazy\" decoding=\"async\" class=\"wp-image-27874\" src=\"https:\/\/www.porbatata.pt\/wp-content\/uploads\/2023\/04\/Imagem3.png\" alt=\"\" width=\"638\" height=\"309\" srcset=\"https:\/\/www.porbatata.pt\/wp-content\/uploads\/2023\/04\/Imagem3.png 567w, https:\/\/www.porbatata.pt\/wp-content\/uploads\/2023\/04\/Imagem3-300x146.png 300w\" sizes=\"auto, (max-width: 638px) 100vw, 638px\" \/>\n<figcaption class=\"wp-element-caption\">Adaptado de: https:\/\/www.bayer-agri.fr\/cultures\/taupins-un-coleoptere-en-recrudescence-sur-cereales_692\/<\/figcaption>\n<\/figure>\n<p>\n\n\n<p><\/p>\n<p><\/p>\n\n\n<\/p>\n<p>&nbsp;<\/p>\n<p>A semelhan\u00e7a entre os caracteres morfol\u00f3gicos das larvas das diferentes esp\u00e9cies pode inviabilizar a correcta identifica\u00e7\u00e3o atrav\u00e9s das chaves taxon\u00f3micas dispon\u00edveis, como \u00e9 o exemplo da que pode ser consultada em Furlan, L.<sup>(5)<\/sup>. Neste caso, a identifica\u00e7\u00e3o segura da esp\u00e9cie ser\u00e1 poss\u00edvel apenas com recurso a t\u00e9cnicas moleculares <sup>(8)<\/sup>.<\/p>\n<p>\n\n\n<p><\/p>\n<p><\/p>\n\n\n<\/p>\n<p>A informa\u00e7\u00e3o mais recente sobre a praga, divulgada pelos servi\u00e7os oficiais, consta na circular n\u00ba 02\/2023 da Esta\u00e7\u00e3o de Avisos Agr\u00edcolas de Entre Douro e Minho, de 08\/03\/2023<sup>(4)<\/sup>. Nesta circular recomenda-se as seguintes medidas culturais:<\/p>\n<p>\n\n\n<p><\/p>\n<p><\/p>\n\n\n<\/p>\n<p>&#8211; Escolher uma parcela pouco ou nada infestada para a planta\u00e7\u00e3o. Terrenos que antes produziram um cereal de pragana ou uma leguminosa, bem como terrenos de pousio acarretam maiores riscos.<\/p>\n<p>\n\n\n<p><\/p>\n<p><\/p>\n\n\n<\/p>\n<p>&#8211; Proceder a uma boa mobiliza\u00e7\u00e3o do solo \u2013 lavoura e gradagem \u2013 de modo a destruir o m\u00e1ximo de larvas.<\/p>\n<p>\n\n\n<p><\/p>\n<p><\/p>\n\n\n<\/p>\n<p>&#8211; Uma drenagem eficiente do solo pode dificultar a instala\u00e7\u00e3o e desenvolvimento de grandes popula\u00e7\u00f5es de alfinete.<\/p>\n<p>\n\n\n<p><\/p>\n<p><\/p>\n\n\n<\/p>\n<p>&#8211; A aplica\u00e7\u00e3o de cal azotada (cianamida c\u00e1lcica) tem um efeito inseticida bastante eficaz sobre o alfinete. A aplica\u00e7\u00e3o deste fertilizante azotado deve fazer-se duas semanas antes da planta\u00e7\u00e3o.<\/p>\n<p>\n\n\n<p><\/p>\n<p><\/p>\n\n\n<\/p>\n<p>&#8211; \u00c9 fundamental a prote\u00e7\u00e3o das aves inset\u00edvoras \u2013 piscos, lavandiscas, melros, felosas, carri\u00e7as, pardais, etc. \u2013 que consomem grandes quantidades destes insetos prejudiciais \u00e0 agricultura, como \u00e9 o caso das larvas durante os trabalhos de mobiliza\u00e7\u00e3o da terra.<\/p>\n<p>\n\n\n<p><\/p>\n<p><\/p>\n\n\n<\/p>\n<p>\u00c9 recomendada a monitoriza\u00e7\u00e3o da praga atrav\u00e9s de armadilhas de feromonas para captura de adultos<sup>(6)<\/sup>, atrav\u00e9s de armadilhas de isco para a captura de larvas e a utiliza\u00e7\u00e3o de alternativas \u00e0s solu\u00e7\u00f5es insecticidas<sup>(10)<\/sup>, como \u00e9 o exemplo de nem\u00e1todos entomopatog\u00e9nicos<sup>(9)<\/sup>. De acordo com informa\u00e7\u00e3o da plataforma de gest\u00e3o de Autoriza\u00e7\u00f5es de Produtos Fitofarmac\u00eautico &#8211; SIFITO<sup>(1)<\/sup>, as solu\u00e7\u00f5es comerciais com ac\u00e7\u00e3o insecticida destinadas para a finalidade alfinete na cultura da batata, actualmente no mercado, baseiam-se em solu\u00e7\u00f5es granuladas (subst\u00e2ncias activas com base em lambda-cialotrina, cipermetrina, teflutrina e spinosade) de aplica\u00e7\u00e3o \u00fanica, diretamente ao solo com o equipamento apropriado e durante a planta\u00e7\u00e3o, e formula\u00e7\u00f5es l\u00edquidas (subst\u00e2ncia activa: Beauveria Bassiana estirpe ATCC 74040) que permitem um maior n\u00famero de aplica\u00e7\u00f5es.<\/p>\n<p>\n\n\n<p><\/p>\n<p><\/p>\n\n\n<\/p>\n<p>\n\n\n<p><\/p>\n<p><\/p>\n\n\n<\/p>\n<p>Artigo por: Conselho T\u00e9cnico Consultivo<\/p>\n<p>\n\n\n<p><\/p>\n<p><\/p>\n\n\n<\/p>\n<p>\n\n\n<p><\/p>\n<p><\/p>\n\n\n<\/p>\n<p><strong>Bibliografia consultada:<\/strong><\/p>\n<p>\n\n\n<p><\/p>\n<p><\/p>\n\n\n<\/p>\n<p><sup>(1)<\/sup> Bayer S.A.S. Division Crop Science \/ Crop Protection (<a href=\"http:\/\/www.bayer-agri.fr\">www.bayer-agri.fr<\/a>)<\/p>\n<p>\n\n\n<p><\/p>\n<p><\/p>\n\n\n<\/p>\n<p><sup>(2)<\/sup> EPHYTIA | INRA (<a href=\"https:\/\/ephytia.inra.fr\/en\/C\/20960\/Potato-Agriotes-spp-Wireworms\">https:\/\/ephytia.inra.fr\/en\/C\/20960\/Potato-Agriotes-spp-Wireworms<\/a>)<\/p>\n<p>\n\n\n<p><\/p>\n<p><\/p>\n\n\n<\/p>\n<p><sup>(3)<\/sup> EPPO | OEPP (<a href=\"https:\/\/gd.eppo.int\/taxon\/1AGRIG\/documents\">https:\/\/gd.eppo.int\/taxon\/1AGRIG\/documents<\/a>; <a href=\"https:\/\/gd.eppo.int\/download\/standard\/608\/pp2-002-2-en.pdf\">https:\/\/gd.eppo.int\/download\/standard\/608\/pp2-002-2-en.pdf<\/a>)<\/p>\n<p>\n\n\n<p><\/p>\n<p><\/p>\n\n\n<\/p>\n<p><sup>(4)<\/sup> Esta\u00e7\u00e3o de Avisos Entre Douro e Minho: Circular n\u00ba 02\/ 2023; Senhora da Hora, 08 de mar\u00e7o de 2023 (<a href=\"https:\/\/drapnsiapd.utad.pt\/sia\/Circulares\">https:\/\/drapnsiapd.utad.pt\/sia\/Circulares<\/a>)<\/p>\n<p>\n\n\n<p><\/p>\n<p><\/p>\n\n\n<\/p>\n<p><sup>(5)<\/sup> Furlan, L.; Benvegn\u00f9, I.; Bil\u00f2, M.F.; Lehmhus, J.; Ruzzier, E. Species Identification of Wireworms (Agriotes spp.; Coleoptera: Elateridae) of Agricultural Importance in Europe: A New \u201cHorizontal Identification Table\u201d. Insects 2021, 12, 534. https:\/\/ doi.org\/10.3390\/insects12060534 (<a href=\"https:\/\/www.mdpi.com\/2075-4450\/12\/6\/534\/pdf\">https:\/\/www.mdpi.com\/2075-4450\/12\/6\/534\/pdf<\/a>)<\/p>\n<p>\n\n\n<p><\/p>\n<p><\/p>\n\n\n<\/p>\n<p><sup>(6)<\/sup> m2i-lifesciences (<a href=\"https:\/\/www.m2i-lifesciences.com\/uploads\/1-ft-agriotes-pro-caps-seringue-en-2020.03.02.pdf\">https:\/\/www.m2i-lifesciences.com\/uploads\/1-ft-agriotes-pro-caps-seringue-en-2020.03.02.pdf<\/a>)<\/p>\n<p>\n\n\n<p><\/p>\n<p><\/p>\n\n\n<\/p>\n<p><sup>(7)<\/sup> SIFITO (<a href=\"https:\/\/sifito.dgav.pt\">https:\/\/sifito.dgav.pt<\/a>)<\/p>\n<p>\n\n\n<p><\/p>\n<p><\/p>\n\n\n<\/p>\n<p><sup>(8)<\/sup> Staudacher, K., Pitterl, P., Furlan, L., Cate, P., &amp; Traugott, M. (2011). PCR-based species identification of Agriotes larvae. Bulletin of Entomological Research, 101(2), 201-210. doi:10.1017\/S0007485310000337 \u00a0| Cambridge University Press &amp; Assessment (<a href=\"https:\/\/www.cambridge.org\/core\/journals\/bulletin-of-entomological-research\/article\/abs\/pcrbased-species-identification-of-agriotes-larvae\/B5D336E905FD4CC71C25D50CD8144192\">https:\/\/www.cambridge.org\/core\/journals\/bulletin-of-entomological-research\/article\/abs\/pcrbased-species-identification-of-agriotes-larvae\/B5D336E905FD4CC71C25D50CD8144192<\/a>).<\/p>\n<p>\n\n\n<p><\/p>\n<p><\/p>\n\n\n<\/p>\n<p><sup>(9)<\/sup> Askar AG, Y\u00fcksel E, Bozbu\u011fa R, \u00d6cal A, K\u00fct\u00fck H, Din\u00e7er D, Canhilal R, Dababat AA, \u0130mren M. Evaluation of Entomopathogenic Nematodes against Common Wireworm Species in Potato Cultivation. Pathogens. 2023 Feb 9;12(2):288. doi: 10.3390\/pathogens12020288. PMID: 36839560; PMCID: PMC9961910. (https:\/\/pubmed.ncbi.nlm.nih.gov\/36839560\/)<\/p>\n<p>\n\n\n<p><\/p>\n<p><\/p>\n\n\n<\/p>\n<p><sup>(10)<\/sup> Barsics F, Haubruge E, Verheggen FJ. Wireworms&#8217; Management: An Overview of the Existing Methods, with Particular Regards to Agriotes spp. (Coleoptera: Elateridae). Insetos. 2013 Janeiro 25;4(1):117-52. DOI: 10.3390\/insetos4010117. PMID: 26466799; PMCID: PMC4553433.( https:\/\/www.mdpi.com\/2075-4450\/4\/1\/117)<\/p>\n<p>\n\n\n<p><\/p>\n<p>[\/vc_column_text][\/vc_column][\/vc_row]<\/p>","protected":false},"excerpt":{"rendered":"<p>[vc_row][vc_column][vc_column_text] Os Alfinetes\u00a0s\u00e3o insetos da ordem Coleoptera (fam\u00edlia Elateridae). O adulto mede de 10 a 15 mm e n\u00e3o provoca&#8230;<\/p>\n","protected":false},"author":2,"featured_media":27874,"comment_status":"closed","ping_status":"closed","sticky":false,"template":"","format":"standard","meta":{"footnotes":""},"categories":[124],"tags":[],"class_list":["post-27871","post","type-post","status-publish","format-standard","has-post-thumbnail","hentry","category-conselho-tecnico-consultivo"],"translation":{"provider":"WPGlobus","version":"3.0.0","language":"en","enabled_languages":["pt","en"],"languages":{"pt":{"title":true,"content":true,"excerpt":false},"en":{"title":false,"content":false,"excerpt":false}}},"_links":{"self":[{"href":"https:\/\/www.porbatata.pt\/en\/wp-json\/wp\/v2\/posts\/27871","targetHints":{"allow":["GET"]}}],"collection":[{"href":"https:\/\/www.porbatata.pt\/en\/wp-json\/wp\/v2\/posts"}],"about":[{"href":"https:\/\/www.porbatata.pt\/en\/wp-json\/wp\/v2\/types\/post"}],"author":[{"embeddable":true,"href":"https:\/\/www.porbatata.pt\/en\/wp-json\/wp\/v2\/users\/2"}],"replies":[{"embeddable":true,"href":"https:\/\/www.porbatata.pt\/en\/wp-json\/wp\/v2\/comments?post=27871"}],"version-history":[{"count":3,"href":"https:\/\/www.porbatata.pt\/en\/wp-json\/wp\/v2\/posts\/27871\/revisions"}],"predecessor-version":[{"id":27882,"href":"https:\/\/www.porbatata.pt\/en\/wp-json\/wp\/v2\/posts\/27871\/revisions\/27882"}],"wp:featuredmedia":[{"embeddable":true,"href":"https:\/\/www.porbatata.pt\/en\/wp-json\/wp\/v2\/media\/27874"}],"wp:attachment":[{"href":"https:\/\/www.porbatata.pt\/en\/wp-json\/wp\/v2\/media?parent=27871"}],"wp:term":[{"taxonomy":"category","embeddable":true,"href":"https:\/\/www.porbatata.pt\/en\/wp-json\/wp\/v2\/categories?post=27871"},{"taxonomy":"post_tag","embeddable":true,"href":"https:\/\/www.porbatata.pt\/en\/wp-json\/wp\/v2\/tags?post=27871"}],"curies":[{"name":"wp","href":"https:\/\/api.w.org\/{rel}","templated":true}]}}