{"id":27878,"date":"2023-04-05T14:22:44","date_gmt":"2023-04-05T14:22:44","guid":{"rendered":"https:\/\/www.porbatata.pt\/?p=27878"},"modified":"2025-07-28T11:39:30","modified_gmt":"2025-07-28T11:39:30","slug":"novos-corpos-sociais-da-porbatata-eleitos-para-o-trienio-2023-2026","status":"publish","type":"post","link":"https:\/\/www.porbatata.pt\/en\/novos-corpos-sociais-da-porbatata-eleitos-para-o-trienio-2023-2026\/","title":{"rendered":"<strong>Novos Corpos Sociais da Porbatata eleitos para o Tri\u00e9nio 2023-2026<\/strong>"},"content":{"rendered":"\n<figure class=\"wp-block-image size-large\"><img loading=\"lazy\" decoding=\"async\" width=\"1024\" height=\"269\" src=\"https:\/\/www.porbatata.pt\/wp-content\/uploads\/2023\/04\/logofinal-1024x269.png\" alt=\"\" class=\"wp-image-27879\" srcset=\"https:\/\/www.porbatata.pt\/wp-content\/uploads\/2023\/04\/logofinal-1024x269.png 1024w, https:\/\/www.porbatata.pt\/wp-content\/uploads\/2023\/04\/logofinal-300x79.png 300w, https:\/\/www.porbatata.pt\/wp-content\/uploads\/2023\/04\/logofinal-768x202.png 768w, https:\/\/www.porbatata.pt\/wp-content\/uploads\/2023\/04\/logofinal-1536x403.png 1536w, https:\/\/www.porbatata.pt\/wp-content\/uploads\/2023\/04\/logofinal-2048x538.png 2048w\" sizes=\"auto, (max-width: 1024px) 100vw, 1024px\" \/><\/figure>\n\n\n\n<p>Decorreu no dia 30 de Mar\u00e7o, no audit\u00f3rio do Centro Cultural Dr. Afonso Rodrigues Pereira, em Lourinh\u00e3, &nbsp;tamb\u00e9m com transmiss\u00e3o por videoconfer\u00eancia, a Assembleia Geral da Porbatata \u2013 Associa\u00e7\u00e3o da Batata de Portugal, para a elei\u00e7\u00e3o dos novos corpos sociais para o tri\u00e9nio 2023-2026.<\/p>\n\n\n\n<p>A sess\u00e3o teve in\u00edcio com a apresenta\u00e7\u00e3o do balan\u00e7o das actividades desenvolvidas em 2022 pela Porbatata, bem como respectivo relat\u00f3rio de contas, tendo o mesmo sido aprovado por unanimidade.<\/p>\n\n\n\n<p>Seguiu-se o acto eleitoral, que foi realizado por voto presencial e eletr\u00f3nico, tendo sido eleita a lista A, lista \u00fanica, constitu\u00edda por:<\/p>\n\n\n\n<p>MESA DA ASSEMBLEIA GERAL:<\/p>\n\n\n\n<ul class=\"wp-block-list\">\n<li>Presidente &#8211; AGROMAIS, C.R.L.- Jorge Neves<\/li>\n\n\n\n<li>Vice-Presidente &#8211; PRIMOHORTA, LDA &#8211; Paulo Leite<\/li>\n\n\n\n<li>Secret\u00e1rio &#8211; ALEXANDRE VICENTE Unipessoal, LDA &#8211; Alexandre Vicente<\/li>\n<\/ul>\n\n\n\n<p>DIRE\u00c7\u00c3O:<\/p>\n\n\n\n<ul class=\"wp-block-list\">\n<li>Presidente &#8211; LOURICOOP, C.R.L. &#8211; S\u00e9rgio Ferreira<\/li>\n\n\n\n<li>Vice-Presidente &#8211; TORRIBA, S.A. &#8211; Rodrigo Vinagre<\/li>\n\n\n\n<li>Vice-Presidente &#8211; SIA, S.A. &#8211; Pedro Santos<\/li>\n\n\n\n<li>Vice-Presidente &#8211; CALCOB, C.R.L. &#8211; Marise Oliveira<\/li>\n\n\n\n<li>Vice-Presidente &#8211; HZPC Portugal, LDA &#8211; Paulo Sim\u00f5es<\/li>\n\n\n\n<li>Suplente &#8211; JOS\u00c9 GUERRA, LDA &#8211; Ricardo Guerra<\/li>\n<\/ul>\n\n\n\n<p>CONSELHO FISCAL:<\/p>\n\n\n\n<ul class=\"wp-block-list\">\n<li>Presidente &#8211; FRUSANTOS, S.A. &#8211; Miguel Santos<\/li>\n\n\n\n<li>Vogal &#8211; HORTAPRONTA, S.A. &#8211; Carlos Marques<\/li>\n\n\n\n<li>Vogal &#8211; GUIMOBATATAS, LDA &#8211; V\u00edtor Freitas<\/li>\n\n\n\n<li>Suplente &#8211; EUROBATATA, LDA &#8211; Francisco Madeira<\/li>\n<\/ul>\n\n\n\n<p>A sess\u00e3o foi conclu\u00edda com a apresenta\u00e7\u00e3o do plano de comunica\u00e7\u00e3o para a campanha de batata portuguesa 2023 e com uma breve conclus\u00e3o, pelo Presidente da Direc\u00e7\u00e3o S\u00e9rgio Ferreira. O mesmo agradeceu o trabalho feito pelos colegas que ali terminaram o seu mandato e deu as boas-vindas aos que iniciaram um novo cap\u00edtulo da hist\u00f3ria da Associa\u00e7\u00e3o. O Presidente da Direc\u00e7\u00e3o deixou claro que a equipa pretende dar continuidade ao trabalho que tem vindo a ser desenvolvido e est\u00e1 empenhada em levar a Porbatata&nbsp;mais&nbsp;longe.<\/p>\n","protected":false},"excerpt":{"rendered":"<p>Decorreu no dia 30 de Mar\u00e7o, no audit\u00f3rio do Centro Cultural Dr. Afonso Rodrigues Pereira, em Lourinh\u00e3, &nbsp;tamb\u00e9m com transmiss\u00e3o&#8230;<\/p>\n","protected":false},"author":2,"featured_media":27879,"comment_status":"closed","ping_status":"closed","sticky":true,"template":"","format":"standard","meta":{"footnotes":""},"categories":[108,121,1],"tags":[],"class_list":["post-27878","post","type-post","status-publish","format-standard","has-post-thumbnail","hentry","category-destaque","category-institucional","category-noticias"],"translation":{"provider":"WPGlobus","version":"3.0.0","language":"en","enabled_languages":["pt","en"],"languages":{"pt":{"title":true,"content":true,"excerpt":false},"en":{"title":false,"content":false,"excerpt":false}}},"_links":{"self":[{"href":"https:\/\/www.porbatata.pt\/en\/wp-json\/wp\/v2\/posts\/27878","targetHints":{"allow":["GET"]}}],"collection":[{"href":"https:\/\/www.porbatata.pt\/en\/wp-json\/wp\/v2\/posts"}],"about":[{"href":"https:\/\/www.porbatata.pt\/en\/wp-json\/wp\/v2\/types\/post"}],"author":[{"embeddable":true,"href":"https:\/\/www.porbatata.pt\/en\/wp-json\/wp\/v2\/users\/2"}],"replies":[{"embeddable":true,"href":"https:\/\/www.porbatata.pt\/en\/wp-json\/wp\/v2\/comments?post=27878"}],"version-history":[{"count":1,"href":"https:\/\/www.porbatata.pt\/en\/wp-json\/wp\/v2\/posts\/27878\/revisions"}],"predecessor-version":[{"id":27880,"href":"https:\/\/www.porbatata.pt\/en\/wp-json\/wp\/v2\/posts\/27878\/revisions\/27880"}],"wp:featuredmedia":[{"embeddable":true,"href":"https:\/\/www.porbatata.pt\/en\/wp-json\/wp\/v2\/media\/27879"}],"wp:attachment":[{"href":"https:\/\/www.porbatata.pt\/en\/wp-json\/wp\/v2\/media?parent=27878"}],"wp:term":[{"taxonomy":"category","embeddable":true,"href":"https:\/\/www.porbatata.pt\/en\/wp-json\/wp\/v2\/categories?post=27878"},{"taxonomy":"post_tag","embeddable":true,"href":"https:\/\/www.porbatata.pt\/en\/wp-json\/wp\/v2\/tags?post=27878"}],"curies":[{"name":"wp","href":"https:\/\/api.w.org\/{rel}","templated":true}]}}