{"id":28184,"date":"2024-04-08T11:52:39","date_gmt":"2024-04-08T11:52:39","guid":{"rendered":"https:\/\/www.porbatata.pt\/?p=28184"},"modified":"2024-04-08T12:05:43","modified_gmt":"2024-04-08T12:05:43","slug":"congresso-europatat-2024","status":"publish","type":"post","link":"https:\/\/www.porbatata.pt\/en\/congresso-europatat-2024\/","title":{"rendered":"Congresso Europatat 2024"},"content":{"rendered":"\n<figure class=\"wp-block-image size-full\"><img loading=\"lazy\" decoding=\"async\" width=\"458\" height=\"220\" src=\"https:\/\/www.porbatata.pt\/wp-content\/uploads\/2024\/04\/Imagem4.png\" alt=\"\" class=\"wp-image-28185\" srcset=\"https:\/\/www.porbatata.pt\/wp-content\/uploads\/2024\/04\/Imagem4.png 458w, https:\/\/www.porbatata.pt\/wp-content\/uploads\/2024\/04\/Imagem4-300x144.png 300w\" sizes=\"auto, (max-width: 458px) 100vw, 458px\" \/><\/figure>\n\n\n\n<p>O Congresso da Europatat regressar\u00e1 a Bruxelas em maio, marcando mais uma edi\u00e7\u00e3o deste evento anual que se consolidou como uma plataforma essencial para avaliar a situa\u00e7\u00e3o atual do setor da batata e comunicar as prioridades e desafios enfrentados pelas empresas do ramo na Europa e al\u00e9m. A pr\u00f3xima edi\u00e7\u00e3o do Congresso da Europatat ocorrer\u00e1 nos dias 23 e 24 de maio, em Bruxelas.<\/p>\n\n\n\n<p>Organizado bienalmente em Bruxelas, o congresso deste ano adota o tema &#8220;Com\u00e9rcio Europeu de Batata em 2030: Um setor em transi\u00e7\u00e3o&#8221;. Este foco incide sobre os principais desafios ambientais, econ\u00f4micos e sociais para o setor da batata e para os comerciantes e embaladores nos pr\u00f3ximos anos, bem como nas solu\u00e7\u00f5es e oportunidades que novas ferramentas e t\u00e9cnicas podem oferecer.<\/p>\n\n\n\n<p>Na quinta-feira, 23, os membros da Europatat revisitar\u00e3o as diversas atividades da associa\u00e7\u00e3o durante as reuni\u00f5es de suas cinco comiss\u00f5es (batatas de consumo, batatas semente, sustentabilidade, quest\u00f5es t\u00e9cnicas e regulat\u00f3rias, e RUCIP). No dia seguinte, a Assembleia Geral da Europatat ser\u00e1 realizada pela manh\u00e3, seguida de uma confer\u00eancia aberta ao p\u00fablico. Este evento promete ser um marco importante para o setor, abrindo espa\u00e7o para discuss\u00f5es aprofundadas sobre o futuro da ind\u00fastria da batata na Europa.<\/p>\n\n\n\n<p>Mais informa\u00e7\u00f5es <a href=\"https:\/\/europatat.eu\/introduction\/\" target=\"_blank\" rel=\"noreferrer noopener\">AQUI<\/a><\/p>\n","protected":false},"excerpt":{"rendered":"<p>O Congresso da Europatat regressar\u00e1 a Bruxelas em maio, marcando mais uma edi\u00e7\u00e3o deste evento anual que se consolidou como&#8230;<\/p>\n","protected":false},"author":2,"featured_media":28185,"comment_status":"closed","ping_status":"closed","sticky":false,"template":"","format":"standard","meta":{"footnotes":""},"categories":[104,1],"tags":[],"class_list":["post-28184","post","type-post","status-publish","format-standard","has-post-thumbnail","hentry","category-agenda","category-noticias"],"translation":{"provider":"WPGlobus","version":"3.0.0","language":"en","enabled_languages":["pt","en"],"languages":{"pt":{"title":true,"content":true,"excerpt":false},"en":{"title":false,"content":false,"excerpt":false}}},"_links":{"self":[{"href":"https:\/\/www.porbatata.pt\/en\/wp-json\/wp\/v2\/posts\/28184","targetHints":{"allow":["GET"]}}],"collection":[{"href":"https:\/\/www.porbatata.pt\/en\/wp-json\/wp\/v2\/posts"}],"about":[{"href":"https:\/\/www.porbatata.pt\/en\/wp-json\/wp\/v2\/types\/post"}],"author":[{"embeddable":true,"href":"https:\/\/www.porbatata.pt\/en\/wp-json\/wp\/v2\/users\/2"}],"replies":[{"embeddable":true,"href":"https:\/\/www.porbatata.pt\/en\/wp-json\/wp\/v2\/comments?post=28184"}],"version-history":[{"count":1,"href":"https:\/\/www.porbatata.pt\/en\/wp-json\/wp\/v2\/posts\/28184\/revisions"}],"predecessor-version":[{"id":28186,"href":"https:\/\/www.porbatata.pt\/en\/wp-json\/wp\/v2\/posts\/28184\/revisions\/28186"}],"wp:featuredmedia":[{"embeddable":true,"href":"https:\/\/www.porbatata.pt\/en\/wp-json\/wp\/v2\/media\/28185"}],"wp:attachment":[{"href":"https:\/\/www.porbatata.pt\/en\/wp-json\/wp\/v2\/media?parent=28184"}],"wp:term":[{"taxonomy":"category","embeddable":true,"href":"https:\/\/www.porbatata.pt\/en\/wp-json\/wp\/v2\/categories?post=28184"},{"taxonomy":"post_tag","embeddable":true,"href":"https:\/\/www.porbatata.pt\/en\/wp-json\/wp\/v2\/tags?post=28184"}],"curies":[{"name":"wp","href":"https:\/\/api.w.org\/{rel}","templated":true}]}}