{"id":28194,"date":"2024-04-08T12:03:31","date_gmt":"2024-04-08T12:03:31","guid":{"rendered":"https:\/\/www.porbatata.pt\/?p=28194"},"modified":"2024-04-08T12:28:27","modified_gmt":"2024-04-08T12:28:27","slug":"coloquio-conta-de-cultura-e-mercado-2","status":"publish","type":"post","link":"https:\/\/www.porbatata.pt\/en\/coloquio-conta-de-cultura-e-mercado-2\/","title":{"rendered":"Col\u00f3quio \u201cConta de Cultura e Mercado\u201d"},"content":{"rendered":"\n<figure class=\"wp-block-embed is-type-video is-provider-youtube wp-block-embed-youtube wp-embed-aspect-16-9 wp-has-aspect-ratio\"><div class=\"wp-block-embed__wrapper\">\n<iframe loading=\"lazy\" title=\"Col\u00f3quio - Conta de Cultura e Mercado na Batata\" width=\"1170\" height=\"658\" src=\"https:\/\/www.youtube.com\/embed\/nyXLqUz_9GM?feature=oembed\" frameborder=\"0\" allow=\"accelerometer; autoplay; clipboard-write; encrypted-media; gyroscope; picture-in-picture; web-share\" referrerpolicy=\"strict-origin-when-cross-origin\" allowfullscreen><\/iframe>\n<\/div><figcaption class=\"wp-element-caption\">A Porbatata tem o prazer de anunciar foi realizado o col\u00f3quio &#8220;Conta de Cultura e Mercado&#8221;, no dia 28 de mar\u00e7o de 2024, no Sal\u00e3o Nobre da C\u00e2mara Municipal da Lourinh\u00e3. Este evento marcou um ponto de encontro crucial para os profissionais da fileira da batata em Portugal, proporcionando um espa\u00e7o rico em di\u00e1logo, partilha de conhecimento e inova\u00e7\u00e3o.<br><br>O sucesso do col\u00f3quio deve-se em grande parte \u00e0 participa\u00e7\u00e3o entusiasta dos nossos associados, oradores, patrocinadores e todos os participantes, com a cobertura do evento pelo media partner <a rel=\"noreferrer noopener\" href=\"https:\/\/www.flfrevista.pt\/\" target=\"_blank\">Revista Frutas, Legumes e Flores<\/a>. Um agradecimento especial ao Exmo. Sr. Vereador Jo\u00e3o Serra, que, representando a C\u00e2mara Municipal da Lourinh\u00e3, honrou-nos com a sua presen\u00e7a e palavras inspiradoras na sess\u00e3o de abertura.<br><br>Durante o evento, discutiram-se temas vitais para o setor, incluindo a gest\u00e3o da conta de cultura na produ\u00e7\u00e3o de batata, as margens de comercializa\u00e7\u00e3o pela <a rel=\"noreferrer noopener\" href=\"https:\/\/safe-crop.com\/\" target=\"_blank\">Safe-Crop<\/a>, an\u00e1lises de mercado e pre\u00e7os pelo <a rel=\"noreferrer noopener\" href=\"https:\/\/www.gpp.pt\/\" target=\"_blank\">GPP<\/a>, al\u00e9m de se apresentar ferramentas essenciais para o planeamento e a or\u00e7amenta\u00e7\u00e3o na produ\u00e7\u00e3o de batata pelo parceiro da Porbatata, <a rel=\"noreferrer noopener\" href=\"https:\/\/www.wisecrop.com\/\" target=\"_blank\">Wisecrop<\/a>. Na mesa redonda, moderada por Jo\u00e3o Pereira &#8211; <a rel=\"noreferrer noopener\" href=\"https:\/\/www.terraprojectos.com\/index.php\/pt\/\" target=\"_blank\">Terra Projectos<\/a>, as discuss\u00f5es abriram caminho para novas ideias e estrat\u00e9gias que prometem impulsionar a competitividade e a sustentabilidade do setor da batata em Portugal.<br><br>A Porbatata est\u00e1 j\u00e1 a preparar os pr\u00f3ximos eventos e iniciativas. Fique atento ao nosso website e redes sociais para mais informa\u00e7\u00f5es sobre futuras oportunidades de participa\u00e7\u00e3o e colabora\u00e7\u00e3o.<br><br>O nosso agradecimento a todos os que tornaram este evento poss\u00edvel. Juntos, continuaremos a cultivar um futuro pr\u00f3spero para a batata em Portugal.<\/figcaption><\/figure>\n","protected":false},"excerpt":{"rendered":"","protected":false},"author":2,"featured_media":28199,"comment_status":"closed","ping_status":"closed","sticky":true,"template":"","format":"standard","meta":{"footnotes":""},"categories":[108,104,1],"tags":[],"class_list":["post-28194","post","type-post","status-publish","format-standard","has-post-thumbnail","hentry","category-destaque","category-agenda","category-noticias"],"translation":{"provider":"WPGlobus","version":"3.0.0","language":"en","enabled_languages":["pt","en"],"languages":{"pt":{"title":true,"content":true,"excerpt":false},"en":{"title":false,"content":false,"excerpt":false}}},"_links":{"self":[{"href":"https:\/\/www.porbatata.pt\/en\/wp-json\/wp\/v2\/posts\/28194","targetHints":{"allow":["GET"]}}],"collection":[{"href":"https:\/\/www.porbatata.pt\/en\/wp-json\/wp\/v2\/posts"}],"about":[{"href":"https:\/\/www.porbatata.pt\/en\/wp-json\/wp\/v2\/types\/post"}],"author":[{"embeddable":true,"href":"https:\/\/www.porbatata.pt\/en\/wp-json\/wp\/v2\/users\/2"}],"replies":[{"embeddable":true,"href":"https:\/\/www.porbatata.pt\/en\/wp-json\/wp\/v2\/comments?post=28194"}],"version-history":[{"count":1,"href":"https:\/\/www.porbatata.pt\/en\/wp-json\/wp\/v2\/posts\/28194\/revisions"}],"predecessor-version":[{"id":28195,"href":"https:\/\/www.porbatata.pt\/en\/wp-json\/wp\/v2\/posts\/28194\/revisions\/28195"}],"wp:featuredmedia":[{"embeddable":true,"href":"https:\/\/www.porbatata.pt\/en\/wp-json\/wp\/v2\/media\/28199"}],"wp:attachment":[{"href":"https:\/\/www.porbatata.pt\/en\/wp-json\/wp\/v2\/media?parent=28194"}],"wp:term":[{"taxonomy":"category","embeddable":true,"href":"https:\/\/www.porbatata.pt\/en\/wp-json\/wp\/v2\/categories?post=28194"},{"taxonomy":"post_tag","embeddable":true,"href":"https:\/\/www.porbatata.pt\/en\/wp-json\/wp\/v2\/tags?post=28194"}],"curies":[{"name":"wp","href":"https:\/\/api.w.org\/{rel}","templated":true}]}}