{"id":28204,"date":"2024-05-24T16:46:00","date_gmt":"2024-05-24T16:46:00","guid":{"rendered":"https:\/\/www.porbatata.pt\/?p=28204"},"modified":"2024-05-24T16:48:53","modified_gmt":"2024-05-24T16:48:53","slug":"a-porbatata-lanca-a-campanha-descasca-o-mito-para-promover-a-batata-portuguesa-em-2024","status":"publish","type":"post","link":"https:\/\/www.porbatata.pt\/en\/a-porbatata-lanca-a-campanha-descasca-o-mito-para-promover-a-batata-portuguesa-em-2024\/","title":{"rendered":"A PORBATATA LAN\u00c7A A CAMPANHA \u201cDESCASCA O MITO\u201d, PARA PROMOVER A BATATA PORTUGUESA EM 2024."},"content":{"rendered":"\n<p>A PORBATATA &#8211; ASSOCIA\u00c7\u00c3O DA BATATA DE PORTUGAL TEM O PRAZER DE ANUNCIAR O REGRESSO DA SUA CAMPANHA ANUAL DE PROMO\u00c7\u00c3O DA BATATA PORTUGUESA, DESTA VEZ COM O MOTE CATIVANTE &#8220;DESCASCA O MITO&#8221;.<\/p>\n\n\n<div class=\"wp-block-image\">\n<figure class=\"aligncenter size-large is-resized\"><img loading=\"lazy\" decoding=\"async\" src=\"https:\/\/www.porbatata.pt\/wp-content\/uploads\/2024\/05\/5POST-1024x1024.jpg\" alt=\"\" class=\"wp-image-28205\" width=\"426\" height=\"426\"\/><\/figure><\/div>\n\n\n<p>Este ano, a campanha tem como objetivo desmistificar quatro conce\u00e7\u00f5es erradas sobre a batata, destacando os seus benef\u00edcios e versatilidade:<\/p>\n\n\n\n<p><strong>\u2022 Batata engorda? Descasca o mito! Batata \u00e9 fit!<\/strong><br><strong>\u2022 Sopa com batata? Descasca o mito! Batata \u00e9 energia!<\/strong><br><strong>\u2022 Casca da batata \u00e9 lixo? Descasca o mito! 0% desperd\u00edcio!<\/strong><br><strong>\u2022 Batata Nacional? Descasca o mito! \u00c9 divinal!<\/strong><\/p>\n\n\n\n<p>O lan\u00e7amento oficial aconteceu no dia 21 de Maio de 2024, e a campanha estar\u00e1 ativa at\u00e9 30 de Setembro de 2024. Esta iniciativa conta com o apoio da <a href=\"https:\/\/aped.pt\/aped-apoia-nova-campanha-de-promocao-da-batata-portuguesa\/\" target=\"_blank\" rel=\"noreferrer noopener\">APED<\/a> (Associa\u00e7\u00e3o Portuguesa de Empresas de Distribui\u00e7\u00e3o) e a ades\u00e3o das principais cadeias de distribui\u00e7\u00e3o, sendo financiada pelos associados da Porbatata e pelo <a href=\"https:\/\/www.creditoagricola.pt\/\" target=\"_blank\" rel=\"noreferrer noopener\">Cr\u00e9dito Agr\u00edcola<\/a>.<\/p>\n\n\n\n<p>A aguardada campanha est\u00e1 de volta, trazendo consigo a empolgante presen\u00e7a da Miss Tata, a representa\u00e7\u00e3o emblem\u00e1tica da batata nacional. Impulsionar\u00e1 uma experi\u00eancia din\u00e2mica e envolvente nas redes sociais (Instagram <a href=\"https:\/\/www.instagram.com\/misstata_pt\/\" data-type=\"URL\" data-id=\"https:\/\/www.instagram.com\/misstata_pt\/\" target=\"_blank\" rel=\"noreferrer noopener\">@misstata_pt<\/a> e Facebook <a href=\"https:\/\/www.facebook.com\/profile.php?id=61559036022121\" target=\"_blank\" rel=\"noreferrer noopener\">@MISS TATA<\/a>). Com o apoio das cadeias de grande distribui\u00e7\u00e3o, esta iniciativa promete transformar a forma como encaramos a batata portuguesa.<\/p>\n\n\n\n<p>Numa recente entrevista, o Presidente da Porbatata salientou os avan\u00e7os alcan\u00e7ados no setor da batata em Portugal nos \u00faltimos anos. \u201cUma das conquistas mais importantes \u00e9 o aumento significativo no consumo humano de batata per capita, que passou de 87,2 kg em 2021 para 93 kg em 2022\u201d, afirmou o presidente. Ele sublinhou que este aumento \u00e9 um reflexo do sucesso das iniciativas de promo\u00e7\u00e3o da batata e da crescente valoriza\u00e7\u00e3o deste alimento na dieta dos portugueses.<\/p>\n\n\n\n<p>Para al\u00e9m disso, o presidente referiu que \u201cdados provis\u00f3rios de 2023 apontam para um aumento nas toneladas produzidas\u201d, o que demonstra a resili\u00eancia e o trabalho \u00e1rduo dos produtores portugueses, que continuam a adaptar-se e a inovar para enfrentar os desafios do mercado.<\/p>\n\n\n\n<p>\u201c\u00c9 evidente que \u201cDescasca o mito!\u201d \u00e9 mais do que uma simples campanha; \u00e9 uma oportunidade para fortalecer sector da batata de Portugal no mercado nacional e internacional, fomentar o consumo per capita e consolidar o papel da batata portuguesa como um produto de qualidade, saud\u00e1vel e sustent\u00e1vel para fam\u00edlias portuguesas.\u201d, disse S\u00e9rgio Ferreira, presidente da Porbatata.<\/p>\n","protected":false},"excerpt":{"rendered":"<p>A PORBATATA &#8211; ASSOCIA\u00c7\u00c3O DA BATATA DE PORTUGAL TEM O PRAZER DE ANUNCIAR O REGRESSO DA SUA CAMPANHA ANUAL DE&#8230;<\/p>\n","protected":false},"author":2,"featured_media":28207,"comment_status":"closed","ping_status":"closed","sticky":false,"template":"","format":"standard","meta":{"footnotes":""},"categories":[108,104,1],"tags":[],"class_list":["post-28204","post","type-post","status-publish","format-standard","has-post-thumbnail","hentry","category-destaque","category-agenda","category-noticias"],"translation":{"provider":"WPGlobus","version":"3.0.0","language":"en","enabled_languages":["pt","en"],"languages":{"pt":{"title":true,"content":true,"excerpt":false},"en":{"title":false,"content":false,"excerpt":false}}},"_links":{"self":[{"href":"https:\/\/www.porbatata.pt\/en\/wp-json\/wp\/v2\/posts\/28204","targetHints":{"allow":["GET"]}}],"collection":[{"href":"https:\/\/www.porbatata.pt\/en\/wp-json\/wp\/v2\/posts"}],"about":[{"href":"https:\/\/www.porbatata.pt\/en\/wp-json\/wp\/v2\/types\/post"}],"author":[{"embeddable":true,"href":"https:\/\/www.porbatata.pt\/en\/wp-json\/wp\/v2\/users\/2"}],"replies":[{"embeddable":true,"href":"https:\/\/www.porbatata.pt\/en\/wp-json\/wp\/v2\/comments?post=28204"}],"version-history":[{"count":1,"href":"https:\/\/www.porbatata.pt\/en\/wp-json\/wp\/v2\/posts\/28204\/revisions"}],"predecessor-version":[{"id":28206,"href":"https:\/\/www.porbatata.pt\/en\/wp-json\/wp\/v2\/posts\/28204\/revisions\/28206"}],"wp:featuredmedia":[{"embeddable":true,"href":"https:\/\/www.porbatata.pt\/en\/wp-json\/wp\/v2\/media\/28207"}],"wp:attachment":[{"href":"https:\/\/www.porbatata.pt\/en\/wp-json\/wp\/v2\/media?parent=28204"}],"wp:term":[{"taxonomy":"category","embeddable":true,"href":"https:\/\/www.porbatata.pt\/en\/wp-json\/wp\/v2\/categories?post=28204"},{"taxonomy":"post_tag","embeddable":true,"href":"https:\/\/www.porbatata.pt\/en\/wp-json\/wp\/v2\/tags?post=28204"}],"curies":[{"name":"wp","href":"https:\/\/api.w.org\/{rel}","templated":true}]}}