{"id":28211,"date":"2024-05-24T20:15:33","date_gmt":"2024-05-24T20:15:33","guid":{"rendered":"https:\/\/www.porbatata.pt\/?p=28211"},"modified":"2024-05-24T20:20:22","modified_gmt":"2024-05-24T20:20:22","slug":"porbatata-celebra-o-primeiro-dia-internacional-da-batata","status":"publish","type":"post","link":"https:\/\/www.porbatata.pt\/en\/porbatata-celebra-o-primeiro-dia-internacional-da-batata\/","title":{"rendered":"Porbatata Celebra o Primeiro Dia Internacional da Batata"},"content":{"rendered":"\n<p class=\"has-text-align-center\"><strong>Porbatata Celebra o Primeiro Dia Internacional da Batata<\/strong><\/p>\n\n\n<div class=\"wp-block-image\">\n<figure class=\"aligncenter size-full is-resized\"><img loading=\"lazy\" decoding=\"async\" src=\"https:\/\/www.porbatata.pt\/wp-content\/uploads\/2024\/05\/Captura-de-ecra-2024-05-24-211209.png\" alt=\"\" class=\"wp-image-28212\" width=\"275\" height=\"385\" srcset=\"https:\/\/www.porbatata.pt\/wp-content\/uploads\/2024\/05\/Captura-de-ecra-2024-05-24-211209.png 647w, https:\/\/www.porbatata.pt\/wp-content\/uploads\/2024\/05\/Captura-de-ecra-2024-05-24-211209-214x300.png 214w\" sizes=\"auto, (max-width: 275px) 100vw, 275px\" \/><\/figure><\/div>\n\n\n<p><strong>Durante a pr\u00f3xima semana, as nossas redes sociais (<a href=\"https:\/\/www.linkedin.com\/company\/71086658\/admin\/dashboard\/\">Linkedin<\/a> e <a href=\"https:\/\/www.facebook.com\/porbatata\">Facebook<\/a>) estar\u00e3o dedicadas a promover o papel vital das batatas na agricultura, economia, meios de subsist\u00eancia e nutri\u00e7\u00e3o na Uni\u00e3o Europeia. Junte-se a n\u00f3s para celebrar a import\u00e2ncia das batatas e a sua valiosa contribui\u00e7\u00e3o para o mundo.<\/strong><\/p>\n\n\n\n<p>O Dia Internacional da Batata passar\u00e1 a ser celebrado anualmente a 30 de maio, por decis\u00e3o da Organiza\u00e7\u00e3o das Na\u00e7\u00f5es Unidas (ONU). Esta decis\u00e3o, tomada pela Assembleia Geral da ONU, resultou de uma proposta do Peru, surgida ap\u00f3s a bem-sucedida celebra\u00e7\u00e3o do Ano Internacional da Batata em 2008. O objetivo \u00e9 real\u00e7ar o papel crucial da batata no combate a quest\u00f5es globais como a inseguran\u00e7a alimentar, a pobreza e as amea\u00e7as ambientais, conforme explicado pela <a href=\"https:\/\/www.fao.org\/international-potato-day\/en\">Organiza\u00e7\u00e3o das Na\u00e7\u00f5es Unidas para a Alimenta\u00e7\u00e3o e Agricultura (FAO)<\/a>.<\/p>\n\n\n\n<p>A batata, Solanum tuberosum (L.), ser\u00e1 o foco deste dia, uma cultura consumida regularmente por bilh\u00f5es de pessoas em todo o mundo. Desde pequenos agricultores que cultivam variedades tradicionais at\u00e9 grandes explora\u00e7\u00f5es de batata em diferentes continentes, a batata desempenha um papel vital na seguran\u00e7a alimentar, nutri\u00e7\u00e3o e meios de subsist\u00eancia das popula\u00e7\u00f5es rurais e urbanas.<\/p>\n\n\n\n<p>Em resposta \u00e0 iniciativa da FAO para celebrar o Dia Internacional da Batata, sob o mote: &#8220;Colher diversidade, Semear Esperan\u00e7a&#8221;, a Porbatata participa na campanha &#8220;7 dias, 7 factos sobre a batata&#8221;, desenvolvida pela \u00a0<a href=\"https:\/\/www.linkedin.com\/company\/europatat-the-european-potato-trade-association\/\">Europatat &#8211; the European Potato Trade Association<\/a>, para marcar o primeiro Dia Internacional da Batata a 30 de maio de 2024!<\/p>\n\n\n\n<p>Durante a pr\u00f3xima semana, as nossas redes sociais (<a href=\"https:\/\/www.linkedin.com\/company\/71086658\/admin\/dashboard\/\">Linkedin<\/a> e <a href=\"https:\/\/www.facebook.com\/porbatata\">Facebook<\/a>) estar\u00e3o dedicadas a promover o papel vital das batatas na agricultura, economia, meios de subsist\u00eancia e nutri\u00e7\u00e3o na Uni\u00e3o Europeia. Junte-se a n\u00f3s para celebrar a import\u00e2ncia das batatas e a sua valiosa contribui\u00e7\u00e3o para o mundo.<\/p>\n","protected":false},"excerpt":{"rendered":"<p>Porbatata Celebra o Primeiro Dia Internacional da Batata Durante a pr\u00f3xima semana, as nossas redes sociais (Linkedin e Facebook) estar\u00e3o&#8230;<\/p>\n","protected":false},"author":2,"featured_media":28212,"comment_status":"closed","ping_status":"closed","sticky":false,"template":"","format":"standard","meta":{"footnotes":""},"categories":[1],"tags":[],"class_list":["post-28211","post","type-post","status-publish","format-standard","has-post-thumbnail","hentry","category-noticias"],"translation":{"provider":"WPGlobus","version":"3.0.0","language":"en","enabled_languages":["pt","en"],"languages":{"pt":{"title":true,"content":true,"excerpt":false},"en":{"title":false,"content":false,"excerpt":false}}},"_links":{"self":[{"href":"https:\/\/www.porbatata.pt\/en\/wp-json\/wp\/v2\/posts\/28211","targetHints":{"allow":["GET"]}}],"collection":[{"href":"https:\/\/www.porbatata.pt\/en\/wp-json\/wp\/v2\/posts"}],"about":[{"href":"https:\/\/www.porbatata.pt\/en\/wp-json\/wp\/v2\/types\/post"}],"author":[{"embeddable":true,"href":"https:\/\/www.porbatata.pt\/en\/wp-json\/wp\/v2\/users\/2"}],"replies":[{"embeddable":true,"href":"https:\/\/www.porbatata.pt\/en\/wp-json\/wp\/v2\/comments?post=28211"}],"version-history":[{"count":3,"href":"https:\/\/www.porbatata.pt\/en\/wp-json\/wp\/v2\/posts\/28211\/revisions"}],"predecessor-version":[{"id":28215,"href":"https:\/\/www.porbatata.pt\/en\/wp-json\/wp\/v2\/posts\/28211\/revisions\/28215"}],"wp:featuredmedia":[{"embeddable":true,"href":"https:\/\/www.porbatata.pt\/en\/wp-json\/wp\/v2\/media\/28212"}],"wp:attachment":[{"href":"https:\/\/www.porbatata.pt\/en\/wp-json\/wp\/v2\/media?parent=28211"}],"wp:term":[{"taxonomy":"category","embeddable":true,"href":"https:\/\/www.porbatata.pt\/en\/wp-json\/wp\/v2\/categories?post=28211"},{"taxonomy":"post_tag","embeddable":true,"href":"https:\/\/www.porbatata.pt\/en\/wp-json\/wp\/v2\/tags?post=28211"}],"curies":[{"name":"wp","href":"https:\/\/api.w.org\/{rel}","templated":true}]}}