{"id":28217,"date":"2024-06-14T10:33:44","date_gmt":"2024-06-14T10:33:44","guid":{"rendered":"https:\/\/www.porbatata.pt\/?p=28217"},"modified":"2024-06-28T08:35:15","modified_gmt":"2024-06-28T08:35:15","slug":"open-day-da-batata-esta-de-volta","status":"publish","type":"post","link":"https:\/\/www.porbatata.pt\/en\/open-day-da-batata-esta-de-volta\/","title":{"rendered":"Open Day da Batata est\u00e1 de volta!"},"content":{"rendered":"\n<p class=\"has-text-align-center\"><a rel=\"noreferrer noopener\" href=\"https:\/\/docs.google.com\/forms\/d\/e\/1FAIpQLSfej5yKpktX2ghDC_KVW1P8DBbETUHqCvZUY1XKZ8R0ME_hNQ\/viewform\" target=\"_blank\"><strong>&lt;&lt; INSCRI\u00c7\u00d5ES AQUI &gt;&gt;<\/strong><\/a><\/p>\n\n\n\n<figure class=\"wp-block-gallery aligncenter has-nested-images columns-default is-cropped wp-block-gallery-1 is-layout-flex wp-block-gallery-is-layout-flex\">\n<figure class=\"wp-block-image size-large\"><a href=\"https:\/\/docs.google.com\/forms\/d\/e\/1FAIpQLSfej5yKpktX2ghDC_KVW1P8DBbETUHqCvZUY1XKZ8R0ME_hNQ\/viewform\"><img loading=\"lazy\" decoding=\"async\" width=\"725\" height=\"1024\" data-id=\"28254\" src=\"https:\/\/www.porbatata.pt\/wp-content\/uploads\/2024\/06\/Planta-Open-Day-003-1-725x1024.jpg\" alt=\"\" class=\"wp-image-28254\" srcset=\"https:\/\/www.porbatata.pt\/wp-content\/uploads\/2024\/06\/Planta-Open-Day-003-1-725x1024.jpg 725w, https:\/\/www.porbatata.pt\/wp-content\/uploads\/2024\/06\/Planta-Open-Day-003-1-212x300.jpg 212w, https:\/\/www.porbatata.pt\/wp-content\/uploads\/2024\/06\/Planta-Open-Day-003-1-768x1085.jpg 768w, https:\/\/www.porbatata.pt\/wp-content\/uploads\/2024\/06\/Planta-Open-Day-003-1-1088x1536.jpg 1088w, https:\/\/www.porbatata.pt\/wp-content\/uploads\/2024\/06\/Planta-Open-Day-003-1.jpg 1242w\" sizes=\"auto, (max-width: 725px) 100vw, 725px\" \/><\/a><\/figure>\n<\/figure>\n\n\n\n<p class=\"has-text-align-center\"><a rel=\"noreferrer noopener\" href=\"https:\/\/docs.google.com\/forms\/d\/e\/1FAIpQLSfej5yKpktX2ghDC_KVW1P8DBbETUHqCvZUY1XKZ8R0ME_hNQ\/viewform\" target=\"_blank\"><strong>&lt;&lt; INSCRI\u00c7\u00d5ES AQUI &gt;&gt;<\/strong><\/a><\/p>\n\n\n\n<p>A segunda edi\u00e7\u00e3o do Open Day da Batata, ir\u00e1 ocorrer em julho de 2024 em Salvaterra de Magos.&nbsp;Com uma organiza\u00e7\u00e3o conjunta da <a href=\"https:\/\/www.linkedin.com\/company\/grupo-pelarigo\/\">Grupo Pelarigo<\/a>, <a href=\"https:\/\/www.linkedin.com\/company\/porbatata\/\">Porbatata<\/a>, <a href=\"https:\/\/www.linkedin.com\/company\/cothn\/\">COTHN<\/a>, Sociedade Agr\u00edcola Herdade das Malhadinhas e a C\u00e2mara Municipal de Salvaterra de Magos.<br><br>Esta promete ser uma oportunidade para observar e explorar algumas novidades de batata com aptid\u00e3o para a ind\u00fastria. O Open Day ir\u00e1 ser realizado, num campo de ensaio de 5 hectares, onde ser\u00e3o apresentadas 6 variedades de batata.<br><br>O principal objetivo deste evento \u00e9 a divulga\u00e7\u00e3o de variedades com alto potencial produtivo e com bom rendimento industrial.<br>As variedades de batata ser\u00e3o apresentadas por 6 empresas l\u00edderes neste setor: Inter Portugal, <a href=\"https:\/\/www.linkedin.com\/company\/eurobatata\/\">Eurobatata<\/a>, Jos\u00e9 Guerra Lda, <a href=\"https:\/\/www.linkedin.com\/company\/hzpc\/\">HZPC<\/a> Portugal, <a href=\"https:\/\/www.linkedin.com\/company\/meijer-iberica-sl\/\">MEIJER IBERICA SL<\/a> e <a href=\"https:\/\/www.linkedin.com\/company\/germicopa\/\">GERMICOPA<\/a>.<br><br>O programa contar\u00e1 com a apresenta\u00e7\u00e3o t\u00e9cnica da Pelarigo, que abordar\u00e1 as solu\u00e7\u00f5es t\u00e9cnicas realizadas no campo. Al\u00e9m disso, os participantes ter\u00e3o oportunidade de visitar o campo e presenciar a demonstra\u00e7\u00e3o de m\u00e1quinas, onde se poder\u00e1 observar as novas tecnologias associadas \u00e0 cultura da batata.<br><br>\u201cEstamos entusiasmados em sediar a segunda edi\u00e7\u00e3o do Open Day da Batata aqui em Salvaterra de Magos\u201d.<br>\u201cEste evento, \u00e9 uma oportunidade crucial para agricultores, especialistas do setor e profissionais da ind\u00fastria conhecerem e discutirem as \u00faltimas tend\u00eancias e inova\u00e7\u00f5es na produ\u00e7\u00e3o da batata de ind\u00fastria\u201d. Afirma a organiza\u00e7\u00e3o do evento.<\/p>\n","protected":false},"excerpt":{"rendered":"<p>&lt;&lt; INSCRI\u00c7\u00d5ES AQUI &gt;&gt; &lt;&lt; INSCRI\u00c7\u00d5ES AQUI &gt;&gt; A segunda edi\u00e7\u00e3o do Open Day da Batata, ir\u00e1 ocorrer em julho&#8230;<\/p>\n","protected":false},"author":2,"featured_media":28218,"comment_status":"closed","ping_status":"closed","sticky":true,"template":"","format":"standard","meta":{"footnotes":""},"categories":[108,1],"tags":[],"class_list":["post-28217","post","type-post","status-publish","format-standard","has-post-thumbnail","hentry","category-destaque","category-noticias"],"translation":{"provider":"WPGlobus","version":"3.0.0","language":"en","enabled_languages":["pt","en"],"languages":{"pt":{"title":true,"content":true,"excerpt":false},"en":{"title":false,"content":false,"excerpt":false}}},"_links":{"self":[{"href":"https:\/\/www.porbatata.pt\/en\/wp-json\/wp\/v2\/posts\/28217","targetHints":{"allow":["GET"]}}],"collection":[{"href":"https:\/\/www.porbatata.pt\/en\/wp-json\/wp\/v2\/posts"}],"about":[{"href":"https:\/\/www.porbatata.pt\/en\/wp-json\/wp\/v2\/types\/post"}],"author":[{"embeddable":true,"href":"https:\/\/www.porbatata.pt\/en\/wp-json\/wp\/v2\/users\/2"}],"replies":[{"embeddable":true,"href":"https:\/\/www.porbatata.pt\/en\/wp-json\/wp\/v2\/comments?post=28217"}],"version-history":[{"count":4,"href":"https:\/\/www.porbatata.pt\/en\/wp-json\/wp\/v2\/posts\/28217\/revisions"}],"predecessor-version":[{"id":28256,"href":"https:\/\/www.porbatata.pt\/en\/wp-json\/wp\/v2\/posts\/28217\/revisions\/28256"}],"wp:featuredmedia":[{"embeddable":true,"href":"https:\/\/www.porbatata.pt\/en\/wp-json\/wp\/v2\/media\/28218"}],"wp:attachment":[{"href":"https:\/\/www.porbatata.pt\/en\/wp-json\/wp\/v2\/media?parent=28217"}],"wp:term":[{"taxonomy":"category","embeddable":true,"href":"https:\/\/www.porbatata.pt\/en\/wp-json\/wp\/v2\/categories?post=28217"},{"taxonomy":"post_tag","embeddable":true,"href":"https:\/\/www.porbatata.pt\/en\/wp-json\/wp\/v2\/tags?post=28217"}],"curies":[{"name":"wp","href":"https:\/\/api.w.org\/{rel}","templated":true}]}}