{"id":28223,"date":"2024-06-14T10:39:17","date_gmt":"2024-06-14T10:39:17","guid":{"rendered":"https:\/\/www.porbatata.pt\/?p=28223"},"modified":"2024-06-14T13:18:43","modified_gmt":"2024-06-14T13:18:43","slug":"gestao-e-financiamento-da-empresa-agraria","status":"publish","type":"post","link":"https:\/\/www.porbatata.pt\/en\/gestao-e-financiamento-da-empresa-agraria\/","title":{"rendered":"Gest\u00e3o e Financiamento da Empresa Agr\u00e1ria"},"content":{"rendered":"<div class=\"wp-block-image\">\n<figure class=\"aligncenter size-large\"><img loading=\"lazy\" decoding=\"async\" width=\"1024\" height=\"1024\" src=\"https:\/\/www.porbatata.pt\/wp-content\/uploads\/2024\/06\/Teaser-Gestao-e-Financiamento-da-Empresa-Agraria-1-1024x1024.jpg\" alt=\"\" class=\"wp-image-28241\" srcset=\"https:\/\/www.porbatata.pt\/wp-content\/uploads\/2024\/06\/Teaser-Gestao-e-Financiamento-da-Empresa-Agraria-1-1024x1024.jpg 1024w, https:\/\/www.porbatata.pt\/wp-content\/uploads\/2024\/06\/Teaser-Gestao-e-Financiamento-da-Empresa-Agraria-1-300x300.jpg 300w, https:\/\/www.porbatata.pt\/wp-content\/uploads\/2024\/06\/Teaser-Gestao-e-Financiamento-da-Empresa-Agraria-1-150x150.jpg 150w, https:\/\/www.porbatata.pt\/wp-content\/uploads\/2024\/06\/Teaser-Gestao-e-Financiamento-da-Empresa-Agraria-1-768x768.jpg 768w, https:\/\/www.porbatata.pt\/wp-content\/uploads\/2024\/06\/Teaser-Gestao-e-Financiamento-da-Empresa-Agraria-1-256x256.jpg 256w, https:\/\/www.porbatata.pt\/wp-content\/uploads\/2024\/06\/Teaser-Gestao-e-Financiamento-da-Empresa-Agraria-1.jpg 1080w\" sizes=\"auto, (max-width: 1024px) 100vw, 1024px\" \/><\/figure><\/div>\n\n\n<p><\/p>\n\n\n\n<p>No pr\u00f3ximo dia <strong>5 de julho de 2024, pelas 16h00<\/strong>, ter\u00e1 lugar no Audit\u00f3rio Caixa Cr\u00e9dito Agr\u00edcola, na <strong>Feira de S\u00e3o Pedro em Torres Vedras<\/strong>, um importante evento intitulado <strong>&#8220;Gest\u00e3o e Financiamento da Empresa Agr\u00e1ria&#8221;.<\/strong> Este evento, de relev\u00e2ncia crucial para o setor agr\u00edcola, ser\u00e1 moderado por Ant\u00f3nio Mexia, Professor Catedr\u00e1tico do Instituto Superior de Agronomia e uma refer\u00eancia no desenvolvimento e investiga\u00e7\u00e3o no setor, e pretende abordar quest\u00f5es vitais para a gest\u00e3o eficiente e o financiamento sustent\u00e1vel das empresas agr\u00e1rias. Haver\u00e1 tamb\u00e9m outros oradores convidados que ir\u00e3o aprofundar este tema durante o evento, por isso fique atento \u00e0 divulga\u00e7\u00e3o do programa.<\/p>\n\n\n\n<p><strong>Inscri\u00e7\u00f5es:<\/strong><\/p>\n\n\n\n<p>Para participar, os interessados devem inscrever-se atrav\u00e9s do QR code na imagem ou pelo link de inscri\u00e7\u00e3o: <a href=\"https:\/\/forms.gle\/vJywZzQA693w7pGK7\">https:\/\/forms.gle\/vJywZzQA693w7pGK7<\/a><\/p>\n\n\n\n<p>Para qualquer esclarecimento adicional, por favor contactara organiza\u00e7\u00e3o via e-mail para: <a href=\"mailto:geral@aiho.pt\">geral@aiho.pt<\/a> ou <a href=\"mailto:porbatata@porbatata.pt\">porbatata@porbatata.pt<\/a>.<\/p>\n\n\n\n<p>N\u00e3o perca esta oportunidade de enriquecer o seu conhecimento e fortalecer a sua rede de contatos.<\/p>\n","protected":false},"excerpt":{"rendered":"<p>No pr\u00f3ximo dia 5 de julho de 2024, pelas 16h00, ter\u00e1 lugar no Audit\u00f3rio Caixa Cr\u00e9dito Agr\u00edcola, na Feira de&#8230;<\/p>\n","protected":false},"author":2,"featured_media":28224,"comment_status":"closed","ping_status":"closed","sticky":false,"template":"","format":"standard","meta":{"footnotes":""},"categories":[104,1],"tags":[],"class_list":["post-28223","post","type-post","status-publish","format-standard","has-post-thumbnail","hentry","category-agenda","category-noticias"],"translation":{"provider":"WPGlobus","version":"3.0.0","language":"en","enabled_languages":["pt","en"],"languages":{"pt":{"title":true,"content":true,"excerpt":false},"en":{"title":false,"content":false,"excerpt":false}}},"_links":{"self":[{"href":"https:\/\/www.porbatata.pt\/en\/wp-json\/wp\/v2\/posts\/28223","targetHints":{"allow":["GET"]}}],"collection":[{"href":"https:\/\/www.porbatata.pt\/en\/wp-json\/wp\/v2\/posts"}],"about":[{"href":"https:\/\/www.porbatata.pt\/en\/wp-json\/wp\/v2\/types\/post"}],"author":[{"embeddable":true,"href":"https:\/\/www.porbatata.pt\/en\/wp-json\/wp\/v2\/users\/2"}],"replies":[{"embeddable":true,"href":"https:\/\/www.porbatata.pt\/en\/wp-json\/wp\/v2\/comments?post=28223"}],"version-history":[{"count":3,"href":"https:\/\/www.porbatata.pt\/en\/wp-json\/wp\/v2\/posts\/28223\/revisions"}],"predecessor-version":[{"id":28242,"href":"https:\/\/www.porbatata.pt\/en\/wp-json\/wp\/v2\/posts\/28223\/revisions\/28242"}],"wp:featuredmedia":[{"embeddable":true,"href":"https:\/\/www.porbatata.pt\/en\/wp-json\/wp\/v2\/media\/28224"}],"wp:attachment":[{"href":"https:\/\/www.porbatata.pt\/en\/wp-json\/wp\/v2\/media?parent=28223"}],"wp:term":[{"taxonomy":"category","embeddable":true,"href":"https:\/\/www.porbatata.pt\/en\/wp-json\/wp\/v2\/categories?post=28223"},{"taxonomy":"post_tag","embeddable":true,"href":"https:\/\/www.porbatata.pt\/en\/wp-json\/wp\/v2\/tags?post=28223"}],"curies":[{"name":"wp","href":"https:\/\/api.w.org\/{rel}","templated":true}]}}