{"id":28227,"date":"2024-06-14T10:43:09","date_gmt":"2024-06-14T10:43:09","guid":{"rendered":"https:\/\/www.porbatata.pt\/?p=28227"},"modified":"2024-06-14T11:08:28","modified_gmt":"2024-06-14T11:08:28","slug":"porbatata-marca-presenca-na-feira-nacional-da-agricultura","status":"publish","type":"post","link":"https:\/\/www.porbatata.pt\/en\/porbatata-marca-presenca-na-feira-nacional-da-agricultura\/","title":{"rendered":"Porbatata Marca Presen\u00e7a na Feira Nacional da Agricultura"},"content":{"rendered":"<div class=\"wp-block-image\">\n<figure class=\"aligncenter size-large is-resized\"><img loading=\"lazy\" decoding=\"async\" src=\"https:\/\/www.porbatata.pt\/wp-content\/uploads\/2024\/06\/Porbatata_MinistroAgricultura-888x1024.jpg\" alt=\"\" class=\"wp-image-28228\" width=\"444\" height=\"512\"\/><\/figure><\/div>\n\n\n<p><\/p>\n\n\n\n<p class=\"has-text-align-center\"><strong>Porbatata Marca Presen\u00e7a na Feira Nacional da Agricultura<\/strong><\/p>\n\n\n\n<p>No dia 11 de junho de 2024, a Porbatata participou na Feira Nacional da Agricultura, integrando o stand da CAP junto com outras associa\u00e7\u00f5es regionais do Oeste. A ocasi\u00e3o foi marcada por um encontro produtivo entre o Presidente da Porbatata e a Assessora de Dire\u00e7\u00e3o, com o Ministro da Agricultura, Jos\u00e9 Manuel Fernandes.<\/p>\n\n\n\n<p>O Ministro da Agricultura mostrou-se interessado nas preocupa\u00e7\u00f5es do sector da batata em Portugal, refor\u00e7ando a necessidade de colabora\u00e7\u00e3o em iniciativas que possam solucionar os desafios enfrentados pela fileira da batata. <\/p>\n\n\n\n<p>Este encontro refor\u00e7a a miss\u00e3o da Porbatata em representar e defender os interesses dos seus associados, enquanto promove sinergias com outras entidades do sector agroalimentar, assim como a participa\u00e7\u00e3o da Porbatata na Feira Nacional da Agricultura refor\u00e7a o seu compromisso em representar e defender os interesses dos seus associados, promovendo sinergias e parcerias que potenciem o crescimento e a inova\u00e7\u00e3o na produ\u00e7\u00e3o de batata em Portugal. <\/p>\n","protected":false},"excerpt":{"rendered":"<p>Porbatata Marca Presen\u00e7a na Feira Nacional da Agricultura No dia 11 de junho de 2024, a Porbatata participou na Feira&#8230;<\/p>\n","protected":false},"author":2,"featured_media":28238,"comment_status":"closed","ping_status":"closed","sticky":false,"template":"","format":"standard","meta":{"footnotes":""},"categories":[104,1],"tags":[],"class_list":["post-28227","post","type-post","status-publish","format-standard","has-post-thumbnail","hentry","category-agenda","category-noticias"],"translation":{"provider":"WPGlobus","version":"3.0.0","language":"en","enabled_languages":["pt","en"],"languages":{"pt":{"title":true,"content":true,"excerpt":false},"en":{"title":false,"content":false,"excerpt":false}}},"_links":{"self":[{"href":"https:\/\/www.porbatata.pt\/en\/wp-json\/wp\/v2\/posts\/28227","targetHints":{"allow":["GET"]}}],"collection":[{"href":"https:\/\/www.porbatata.pt\/en\/wp-json\/wp\/v2\/posts"}],"about":[{"href":"https:\/\/www.porbatata.pt\/en\/wp-json\/wp\/v2\/types\/post"}],"author":[{"embeddable":true,"href":"https:\/\/www.porbatata.pt\/en\/wp-json\/wp\/v2\/users\/2"}],"replies":[{"embeddable":true,"href":"https:\/\/www.porbatata.pt\/en\/wp-json\/wp\/v2\/comments?post=28227"}],"version-history":[{"count":4,"href":"https:\/\/www.porbatata.pt\/en\/wp-json\/wp\/v2\/posts\/28227\/revisions"}],"predecessor-version":[{"id":28240,"href":"https:\/\/www.porbatata.pt\/en\/wp-json\/wp\/v2\/posts\/28227\/revisions\/28240"}],"wp:featuredmedia":[{"embeddable":true,"href":"https:\/\/www.porbatata.pt\/en\/wp-json\/wp\/v2\/media\/28238"}],"wp:attachment":[{"href":"https:\/\/www.porbatata.pt\/en\/wp-json\/wp\/v2\/media?parent=28227"}],"wp:term":[{"taxonomy":"category","embeddable":true,"href":"https:\/\/www.porbatata.pt\/en\/wp-json\/wp\/v2\/categories?post=28227"},{"taxonomy":"post_tag","embeddable":true,"href":"https:\/\/www.porbatata.pt\/en\/wp-json\/wp\/v2\/tags?post=28227"}],"curies":[{"name":"wp","href":"https:\/\/api.w.org\/{rel}","templated":true}]}}