{"id":28232,"date":"2024-06-14T10:57:59","date_gmt":"2024-06-14T10:57:59","guid":{"rendered":"https:\/\/www.porbatata.pt\/?p=28232"},"modified":"2024-06-14T11:07:10","modified_gmt":"2024-06-14T11:07:10","slug":"porbatata-marca-presenca-na-feira-nacional-da-agricultura-2","status":"publish","type":"post","link":"https:\/\/www.porbatata.pt\/en\/porbatata-marca-presenca-na-feira-nacional-da-agricultura-2\/","title":{"rendered":"Porbatata Participa em Audi\u00eancia com o Sr. Secret\u00e1rio de Estado da Agricultura"},"content":{"rendered":"<div class=\"wp-block-image\">\n<figure class=\"aligncenter size-full\"><img loading=\"lazy\" decoding=\"async\" width=\"567\" height=\"425\" src=\"https:\/\/www.porbatata.pt\/wp-content\/uploads\/2024\/06\/Foto-Audiencia.jpg\" alt=\"\" class=\"wp-image-28233\" srcset=\"https:\/\/www.porbatata.pt\/wp-content\/uploads\/2024\/06\/Foto-Audiencia.jpg 567w, https:\/\/www.porbatata.pt\/wp-content\/uploads\/2024\/06\/Foto-Audiencia-300x225.jpg 300w\" sizes=\"auto, (max-width: 567px) 100vw, 567px\" \/><\/figure><\/div>\n\n\n<p><\/p>\n\n\n\n<p class=\"has-text-align-center\"><strong>Porbatata Participa em Audi\u00eancia com o Sr. Secret\u00e1rio de Estado da Agricultura<\/strong><\/p>\n\n\n\n<p>No dia 6 de junho de 2024, a Porbatata &#8211; Associa\u00e7\u00e3o da Batata de Portugal participou numa audi\u00eancia solicitada pelo Sr. Secret\u00e1rio de Estado da Agricultura, Jo\u00e3o Moura, que teve lugar no Minist\u00e9rio da Agricultura. Esta reuni\u00e3o foi um marco importante, demonstrando o empenho da Porbatata em defender os interesses da fileira e o interesse do Minist\u00e9rio em melhorar o setor da batata em Portugal.<\/p>\n\n\n\n<p>A Porbatata fez-se representar pelo Presidente e Vice-Presidente da Dire\u00e7\u00e3o, e Assessora de Dire\u00e7\u00e3o, que apresentaram ao Secret\u00e1rio de Estado as principais preocupa\u00e7\u00f5es do setor. Entre os t\u00f3picos discutidos, destacaram-se quest\u00f5es relacionadas com a fitossanidade, legisla\u00e7\u00e3o, mercado nacional e internacional, e a sustentabilidade da produ\u00e7\u00e3o.<\/p>\n\n\n\n<p>O Secret\u00e1rio de Estado, Jo\u00e3o Moura, mostrou grande interesse em resolver os problemas enfrentados pela agricultura, demonstrando sensibilidade \u00e0s quest\u00f5es que afetam a fileira da batata em Portugal. Durante a audi\u00eancia, foram discutidas v\u00e1rias medidas e iniciativas para melhorar a competitividade e sustentabilidade do setor.<\/p>\n\n\n\n<p>As rela\u00e7\u00f5es entre a Porbatata e o Minist\u00e9rio da Agricultura foram refor\u00e7adas, com um compromisso m\u00fatuo de trabalhar em conjunto para encontrar solu\u00e7\u00f5es eficazes para os desafios que a fileira da batata enfrenta.<\/p>\n\n\n\n<p>A Porbatata continuar\u00e1 a monitorizar e difundir informa\u00e7\u00e3o relevante aos seus associados, mantendo-se firme na sua miss\u00e3o de promover e defender os interesses do setor. Esta audi\u00eancia representa um passo importante nesse caminho, reafirmando o papel da nossa associa\u00e7\u00e3o como interlocutor privilegiado junto das entidades governamentais.<\/p>\n\n\n\n<p>Estamos confiantes de que, com o apoio do Minist\u00e9rio da Agricultura, conseguiremos alcan\u00e7ar novos patamares de sucesso e sustentabilidade para o setor da batata em Portugal.<\/p>\n","protected":false},"excerpt":{"rendered":"<p>Porbatata Participa em Audi\u00eancia com o Sr. Secret\u00e1rio de Estado da Agricultura No dia 6 de junho de 2024, a&#8230;<\/p>\n","protected":false},"author":2,"featured_media":28233,"comment_status":"closed","ping_status":"closed","sticky":false,"template":"","format":"standard","meta":{"footnotes":""},"categories":[104,1],"tags":[],"class_list":["post-28232","post","type-post","status-publish","format-standard","has-post-thumbnail","hentry","category-agenda","category-noticias"],"translation":{"provider":"WPGlobus","version":"3.0.0","language":"en","enabled_languages":["pt","en"],"languages":{"pt":{"title":true,"content":true,"excerpt":false},"en":{"title":false,"content":false,"excerpt":false}}},"_links":{"self":[{"href":"https:\/\/www.porbatata.pt\/en\/wp-json\/wp\/v2\/posts\/28232","targetHints":{"allow":["GET"]}}],"collection":[{"href":"https:\/\/www.porbatata.pt\/en\/wp-json\/wp\/v2\/posts"}],"about":[{"href":"https:\/\/www.porbatata.pt\/en\/wp-json\/wp\/v2\/types\/post"}],"author":[{"embeddable":true,"href":"https:\/\/www.porbatata.pt\/en\/wp-json\/wp\/v2\/users\/2"}],"replies":[{"embeddable":true,"href":"https:\/\/www.porbatata.pt\/en\/wp-json\/wp\/v2\/comments?post=28232"}],"version-history":[{"count":3,"href":"https:\/\/www.porbatata.pt\/en\/wp-json\/wp\/v2\/posts\/28232\/revisions"}],"predecessor-version":[{"id":28239,"href":"https:\/\/www.porbatata.pt\/en\/wp-json\/wp\/v2\/posts\/28232\/revisions\/28239"}],"wp:featuredmedia":[{"embeddable":true,"href":"https:\/\/www.porbatata.pt\/en\/wp-json\/wp\/v2\/media\/28233"}],"wp:attachment":[{"href":"https:\/\/www.porbatata.pt\/en\/wp-json\/wp\/v2\/media?parent=28232"}],"wp:term":[{"taxonomy":"category","embeddable":true,"href":"https:\/\/www.porbatata.pt\/en\/wp-json\/wp\/v2\/categories?post=28232"},{"taxonomy":"post_tag","embeddable":true,"href":"https:\/\/www.porbatata.pt\/en\/wp-json\/wp\/v2\/tags?post=28232"}],"curies":[{"name":"wp","href":"https:\/\/api.w.org\/{rel}","templated":true}]}}