{"id":28290,"date":"2024-09-06T14:16:00","date_gmt":"2024-09-06T14:16:00","guid":{"rendered":"https:\/\/www.porbatata.pt\/?p=28290"},"modified":"2024-09-06T14:16:01","modified_gmt":"2024-09-06T14:16:01","slug":"previsao-de-produtividade-de-batata-na-ue-diminui-ligeiramente-mas-mantem-se-proxima-da-media-dos-ultimos-5-anos","status":"publish","type":"post","link":"https:\/\/www.porbatata.pt\/en\/previsao-de-produtividade-de-batata-na-ue-diminui-ligeiramente-mas-mantem-se-proxima-da-media-dos-ultimos-5-anos\/","title":{"rendered":"Previs\u00e3o de produtividade de batata na UE diminui ligeiramente, mas mant\u00e9m-se pr\u00f3xima da m\u00e9dia dos \u00faltimos 5 anos"},"content":{"rendered":"\n<figure class=\"wp-block-table\"><table><tbody><tr><td class=\"has-text-align-left\" data-align=\"left\"><img decoding=\"async\" width=\"561\" height=\"auto\" alt=\"\" src=\"https:\/\/mcusercontent.com\/70d2d3c7b3a3eba9d37af55bd\/images\/8b27f674-afbd-122f-0f42-2799c43f2421.png\"><\/td><\/tr><tr><td class=\"has-text-align-left\" data-align=\"left\">Segundo o\u00a0<a rel=\"noreferrer noopener\" href=\"https:\/\/publications.jrc.ec.europa.eu\/repository\/handle\/JRC136663\" target=\"_blank\">Boletim de julho do JRC MARS<\/a>, que faz a monitoriza\u00e7\u00e3o das culturas na Europa, as estimativas de produtividade para a maioria das culturas, incluindo a batata, sofreram uma ligeira revis\u00e3o em baixa, mas continuam alinhadas com a m\u00e9dia dos \u00faltimos cinco anos a n\u00edvel da Uni\u00e3o Europeia. As condi\u00e7\u00f5es clim\u00e1ticas adversas, como o calor e a seca no sudeste da Europa, e a humidade excessiva em v\u00e1rias zonas do oeste, foram os principais fatores que influenciaram essa revis\u00e3o nas previs\u00f5es.<br><br>Relativamente \u00e0 batata em particular:<br><br><strong>Alemanha:<\/strong>\u00a0As previs\u00f5es indicam que o rendimento da batata ficar\u00e1 abaixo da m\u00e9dia dos \u00faltimos cinco anos. No sul e no oeste da Alemanha, os campos excessivamente h\u00famidos provocaram um aumento significativo da press\u00e3o de doen\u00e7as, afetando especialmente esta cultura.<br><br><strong>B\u00e9lgica, Luxemburgo e Pa\u00edses Baixos:<\/strong>\u00a0A continua\u00e7\u00e3o de temperaturas baixas e a persist\u00eancia de condi\u00e7\u00f5es h\u00famidas agravaram ainda mais as expectativas de colheita, que se situam agora abaixo da m\u00e9dia de cinco anos. A press\u00e3o de pragas e doen\u00e7as tamb\u00e9m se manteve elevada nestes pa\u00edses.<br><br><strong>Espanha e Portugal:\u00a0<\/strong>Apesar de alguns atrasos nas planta\u00e7\u00f5es no norte da Pen\u00ednsula Ib\u00e9rica, as condi\u00e7\u00f5es climat\u00e9ricas para as culturas de ver\u00e3o foram, em geral, positivas. No caso das batatas, a irriga\u00e7\u00e3o est\u00e1 assegurada, gra\u00e7as aos reservat\u00f3rios que se encheram com as chuvas da primavera.<br><br><strong>Gr\u00e9cia:\u00a0<\/strong>A previs\u00e3o de colheita de batata continua abaixo da m\u00e9dia, e tal como em 2023, a \u00e1rea dedicada \u00e0 cultura de batata permanece significativamente inferior \u00e0 m\u00e9dia de m\u00e9dio prazo. O prolongamento de per\u00edodos de calor extremo e a escassez de \u00e1gua tamb\u00e9m est\u00e3o a amea\u00e7ar a forma\u00e7\u00e3o e o crescimento dos tub\u00e9rculos.<\/td><\/tr><tr><td class=\"has-text-align-left\" data-align=\"left\"><img decoding=\"async\" width=\"561\" height=\"auto\" alt=\"\" src=\"https:\/\/mcusercontent.com\/70d2d3c7b3a3eba9d37af55bd\/images\/15c49a32-af12-a025-eb39-1e1c9f984aa9.png\"><\/td><\/tr><tr><td class=\"has-text-align-left\" data-align=\"left\">Fonte: European Commission e Europatat<\/td><\/tr><\/tbody><\/table><\/figure>\n","protected":false},"excerpt":{"rendered":"<p>Segundo o\u00a0Boletim de julho do JRC MARS, que faz a monitoriza\u00e7\u00e3o das culturas na Europa, as estimativas de produtividade para&#8230;<\/p>\n","protected":false},"author":2,"featured_media":28294,"comment_status":"closed","ping_status":"closed","sticky":false,"template":"","format":"standard","meta":{"footnotes":""},"categories":[120,1],"tags":[],"class_list":["post-28290","post","type-post","status-publish","format-standard","has-post-thumbnail","hentry","category-legislacao","category-noticias"],"translation":{"provider":"WPGlobus","version":"3.0.0","language":"en","enabled_languages":["pt","en"],"languages":{"pt":{"title":true,"content":true,"excerpt":false},"en":{"title":false,"content":false,"excerpt":false}}},"_links":{"self":[{"href":"https:\/\/www.porbatata.pt\/en\/wp-json\/wp\/v2\/posts\/28290","targetHints":{"allow":["GET"]}}],"collection":[{"href":"https:\/\/www.porbatata.pt\/en\/wp-json\/wp\/v2\/posts"}],"about":[{"href":"https:\/\/www.porbatata.pt\/en\/wp-json\/wp\/v2\/types\/post"}],"author":[{"embeddable":true,"href":"https:\/\/www.porbatata.pt\/en\/wp-json\/wp\/v2\/users\/2"}],"replies":[{"embeddable":true,"href":"https:\/\/www.porbatata.pt\/en\/wp-json\/wp\/v2\/comments?post=28290"}],"version-history":[{"count":3,"href":"https:\/\/www.porbatata.pt\/en\/wp-json\/wp\/v2\/posts\/28290\/revisions"}],"predecessor-version":[{"id":28293,"href":"https:\/\/www.porbatata.pt\/en\/wp-json\/wp\/v2\/posts\/28290\/revisions\/28293"}],"wp:featuredmedia":[{"embeddable":true,"href":"https:\/\/www.porbatata.pt\/en\/wp-json\/wp\/v2\/media\/28294"}],"wp:attachment":[{"href":"https:\/\/www.porbatata.pt\/en\/wp-json\/wp\/v2\/media?parent=28290"}],"wp:term":[{"taxonomy":"category","embeddable":true,"href":"https:\/\/www.porbatata.pt\/en\/wp-json\/wp\/v2\/categories?post=28290"},{"taxonomy":"post_tag","embeddable":true,"href":"https:\/\/www.porbatata.pt\/en\/wp-json\/wp\/v2\/tags?post=28290"}],"curies":[{"name":"wp","href":"https:\/\/api.w.org\/{rel}","templated":true}]}}