{"id":28298,"date":"2024-09-06T14:21:06","date_gmt":"2024-09-06T14:21:06","guid":{"rendered":"https:\/\/www.porbatata.pt\/porbatata-promove-evento-a-cultura-da-batata-do-nacional-ao-local-em-parceria-com-a-associacao-pinhal-maior-copy\/"},"modified":"2024-09-06T14:24:21","modified_gmt":"2024-09-06T14:24:21","slug":"porbatata-promove-evento-a-cultura-da-batata-do-nacional-ao-local-em-parceria-com-a-associacao-pinhal-maior-2","status":"publish","type":"post","link":"https:\/\/www.porbatata.pt\/en\/porbatata-promove-evento-a-cultura-da-batata-do-nacional-ao-local-em-parceria-com-a-associacao-pinhal-maior-2\/","title":{"rendered":"Porbatata Promove Evento &#8220;A Cultura da Batata: Do Nacional ao Local&#8221; em Parceria com a Associa\u00e7\u00e3o Pinhal Maior"},"content":{"rendered":"<div class=\"wp-block-image\">\n<figure class=\"aligncenter size-large\"><img loading=\"lazy\" decoding=\"async\" width=\"724\" height=\"1024\" src=\"https:\/\/www.porbatata.pt\/wp-content\/uploads\/2024\/09\/EVENTO_CARTAZ_A-CULTURA-DA-BATATA-724x1024.png\" alt=\"\" class=\"wp-image-28288\" srcset=\"https:\/\/www.porbatata.pt\/wp-content\/uploads\/2024\/09\/EVENTO_CARTAZ_A-CULTURA-DA-BATATA-724x1024.png 724w, https:\/\/www.porbatata.pt\/wp-content\/uploads\/2024\/09\/EVENTO_CARTAZ_A-CULTURA-DA-BATATA-212x300.png 212w, https:\/\/www.porbatata.pt\/wp-content\/uploads\/2024\/09\/EVENTO_CARTAZ_A-CULTURA-DA-BATATA-768x1086.png 768w, https:\/\/www.porbatata.pt\/wp-content\/uploads\/2024\/09\/EVENTO_CARTAZ_A-CULTURA-DA-BATATA-1086x1536.png 1086w, https:\/\/www.porbatata.pt\/wp-content\/uploads\/2024\/09\/EVENTO_CARTAZ_A-CULTURA-DA-BATATA-1448x2048.png 1448w, https:\/\/www.porbatata.pt\/wp-content\/uploads\/2024\/09\/EVENTO_CARTAZ_A-CULTURA-DA-BATATA.png 1587w\" sizes=\"auto, (max-width: 724px) 100vw, 724px\" \/><\/figure><\/div>\n\n\n<p class=\"has-text-align-center\"><a href=\"https:\/\/docs.google.com\/forms\/d\/e\/1FAIpQLSe_Fb-jZnKhq-qFHgRvrgCvjVJVQ1WjvJxEyupgWar7I2RCXA\/viewform?usp=sf_link\">link para inscri\u00e7\u00f5es<\/a><\/p>\n\n\n\n<p class=\"has-text-align-left\">No \u00e2mbito das a\u00e7\u00f5es de informa\u00e7\u00e3o da Porbatata, sob o lema \u201cBatata de Portugal: Cultivar Conhecimento, Colher Futuro\u201d, ser\u00e1 realizado no pr\u00f3ximo dia 24 de setembro o evento<strong> &#8220;A Cultura da Batata: Do Nacional ao Local&#8221;.<\/strong><\/p>\n\n\n\n<p>Esta iniciativa, organizada em colabora\u00e7\u00e3o com a <a href=\"https:\/\/www.pinhalmaior.pt\/\" target=\"_blank\" rel=\"noreferrer noopener\">Pinhal Maior &#8211; Associa\u00e7\u00e3o de Desenvolvimento do Pinhal Interior Sul<\/a>, ocorrer\u00e1 nas instala\u00e7\u00f5es da Pinhal Maior e tem como objetivo fomentar o conhecimento e a discuss\u00e3o sobre a produ\u00e7\u00e3o da batata em Portugal, abordando tanto a sua import\u00e2ncia a n\u00edvel nacional como as oportunidades no contexto local.<\/p>\n\n\n\n<p>O evento contar\u00e1 com a presen\u00e7a de destacados oradores, incluindo a Eng.\u00aa Almerinda Belchior, representante da Eurobatata e membro do Conselho T\u00e9cnico Consultivo da Porbatata, e a Eng.\u00aa Rosa Guilherme, Chefe de Divis\u00e3o da Divis\u00e3o de Inova\u00e7\u00e3o e Apoio \u00e0 Produ\u00e7\u00e3o Agroalimentar da CCDR Centro.<\/p>\n\n\n\n<p>As inscri\u00e7\u00f5es para o evento s\u00e3o gratuitas e podem ser realizadas atrav\u00e9s do seguinte <a href=\"https:\/\/docs.google.com\/forms\/d\/e\/1FAIpQLSe_Fb-jZnKhq-qFHgRvrgCvjVJVQ1WjvJxEyupgWar7I2RCXA\/viewform?usp=sf_link\" target=\"_blank\" rel=\"noreferrer noopener\">link para inscri\u00e7\u00f5es.<\/a><\/p>\n\n\n\n<p>O programa completo do evento ser\u00e1 divulgado em breve.<\/p>\n\n\n\n<p>Este evento representa uma oportunidade valiosa para produtores, t\u00e9cnicos e todos os interessados no setor da batata trocarem conhecimentos e estabelecerem contatos que possam contribuir para o futuro da produ\u00e7\u00e3o de batata em Portugal.<\/p>\n","protected":false},"excerpt":{"rendered":"<p>link para inscri\u00e7\u00f5es No \u00e2mbito das a\u00e7\u00f5es de informa\u00e7\u00e3o da Porbatata, sob o lema \u201cBatata de Portugal: Cultivar Conhecimento, Colher&#8230;<\/p>\n","protected":false},"author":2,"featured_media":28280,"comment_status":"closed","ping_status":"closed","sticky":false,"template":"","format":"standard","meta":{"footnotes":""},"categories":[104,1],"tags":[],"class_list":["post-28298","post","type-post","status-publish","format-standard","has-post-thumbnail","hentry","category-agenda","category-noticias"],"translation":{"provider":"WPGlobus","version":"3.0.0","language":"en","enabled_languages":["pt","en"],"languages":{"pt":{"title":true,"content":true,"excerpt":false},"en":{"title":false,"content":false,"excerpt":false}}},"_links":{"self":[{"href":"https:\/\/www.porbatata.pt\/en\/wp-json\/wp\/v2\/posts\/28298","targetHints":{"allow":["GET"]}}],"collection":[{"href":"https:\/\/www.porbatata.pt\/en\/wp-json\/wp\/v2\/posts"}],"about":[{"href":"https:\/\/www.porbatata.pt\/en\/wp-json\/wp\/v2\/types\/post"}],"author":[{"embeddable":true,"href":"https:\/\/www.porbatata.pt\/en\/wp-json\/wp\/v2\/users\/2"}],"replies":[{"embeddable":true,"href":"https:\/\/www.porbatata.pt\/en\/wp-json\/wp\/v2\/comments?post=28298"}],"version-history":[{"count":2,"href":"https:\/\/www.porbatata.pt\/en\/wp-json\/wp\/v2\/posts\/28298\/revisions"}],"predecessor-version":[{"id":28300,"href":"https:\/\/www.porbatata.pt\/en\/wp-json\/wp\/v2\/posts\/28298\/revisions\/28300"}],"wp:featuredmedia":[{"embeddable":true,"href":"https:\/\/www.porbatata.pt\/en\/wp-json\/wp\/v2\/media\/28280"}],"wp:attachment":[{"href":"https:\/\/www.porbatata.pt\/en\/wp-json\/wp\/v2\/media?parent=28298"}],"wp:term":[{"taxonomy":"category","embeddable":true,"href":"https:\/\/www.porbatata.pt\/en\/wp-json\/wp\/v2\/categories?post=28298"},{"taxonomy":"post_tag","embeddable":true,"href":"https:\/\/www.porbatata.pt\/en\/wp-json\/wp\/v2\/tags?post=28298"}],"curies":[{"name":"wp","href":"https:\/\/api.w.org\/{rel}","templated":true}]}}