{"id":28322,"date":"2024-10-16T08:28:46","date_gmt":"2024-10-16T08:28:46","guid":{"rendered":"https:\/\/www.porbatata.pt\/?p=28322"},"modified":"2024-10-16T09:28:31","modified_gmt":"2024-10-16T09:28:31","slug":"evento-na-serta-a-cultura-da-batata-do-nacional-ao-local","status":"publish","type":"post","link":"https:\/\/www.porbatata.pt\/en\/evento-na-serta-a-cultura-da-batata-do-nacional-ao-local\/","title":{"rendered":"Evento na Sert\u00e3: &#8220;A Cultura da Batata \u2013 Do Nacional ao Local&#8221;"},"content":{"rendered":"\n<figure class=\"wp-block-image size-large\"><img loading=\"lazy\" decoding=\"async\" width=\"682\" height=\"1024\" src=\"https:\/\/www.porbatata.pt\/wp-content\/uploads\/2024\/10\/Collage-Serta-2024-682x1024.png\" alt=\"\" class=\"wp-image-28323\" srcset=\"https:\/\/www.porbatata.pt\/wp-content\/uploads\/2024\/10\/Collage-Serta-2024-682x1024.png 682w, https:\/\/www.porbatata.pt\/wp-content\/uploads\/2024\/10\/Collage-Serta-2024-200x300.png 200w, https:\/\/www.porbatata.pt\/wp-content\/uploads\/2024\/10\/Collage-Serta-2024-768x1152.png 768w, https:\/\/www.porbatata.pt\/wp-content\/uploads\/2024\/10\/Collage-Serta-2024-1024x1536.png 1024w, https:\/\/www.porbatata.pt\/wp-content\/uploads\/2024\/10\/Collage-Serta-2024.png 1333w\" sizes=\"auto, (max-width: 682px) 100vw, 682px\" \/><\/figure>\n\n\n\n<p>No dia 24 de setembro de 2024, a Porbatata, em parceria com a Pinhal Maior \u2013 Associa\u00e7\u00e3o de Desenvolvimento do Pinhal Interior Sul, organizou o evento &#8220;A Cultura da Batata \u2013 Do Nacional ao Local&#8221; na Sert\u00e3. O encontro teve como objetivo reunir produtores, especialistas e profissionais do setor para discutir os principais desafios e oportunidades da cultura da batata, com um enfoque nas din\u00e2micas nacionais e regionais.<\/p>\n\n\n\n<p>A Cultura da Batata em Portugal foi o primeiro tema abordado, com uma apresenta\u00e7\u00e3o da Eng\u00aa Almerinda Belchior, representante do Conselho T\u00e9cnico Consultivo da Porbatata, que fez um panorama detalhado da situa\u00e7\u00e3o atual da produ\u00e7\u00e3o de batata no pa\u00eds.<\/p>\n\n\n\n<p>No momento seguinte, a Eng\u00aa Rosa Guilherme, da CCDR Centro, trouxe o tema Mercados de Ciclos Curtos, que focou na import\u00e2ncia de promover cadeias de distribui\u00e7\u00e3o mais curtas, desde o produtor at\u00e9 o consumidor. Esta abordagem tem vindo a ganhar cada vez mais relev\u00e2ncia, n\u00e3o s\u00f3 pela sua contribui\u00e7\u00e3o para a sustentabilidade ambiental, mas tamb\u00e9m pelo impacto positivo nas economias locais e na valoriza\u00e7\u00e3o do produto nacional.<\/p>\n\n\n\n<p>O evento culminou com uma sess\u00e3o de debate, onde produtores e t\u00e9cnicos tiveram a oportunidade de discutir estrat\u00e9gias para melhorar a comercializa\u00e7\u00e3o da batata e garantir que o produto portugu\u00eas tenha uma presen\u00e7a mais forte nos mercados regionais.<\/p>\n\n\n\n<p>A Porbatata gostaria de expressar um sincero agradecimento \u00e0 Pinhal Maior, assim como \u00e0s oradoras convidadas, pelo apoio imprescind\u00edvel na realiza\u00e7\u00e3o do nosso evento, que decorreu com grande sucesso. Agradecemos tamb\u00e9m aos nossos associados, parceiros e a todos os participantes, cujo envolvimento e contributo foram fundamentais para o \u00eaxito desta iniciativa. Juntos, continuamos a fortalecer a fileira da batata em Portugal, promovendo o di\u00e1logo e o desenvolvimento do setor.<\/p>\n","protected":false},"excerpt":{"rendered":"<p>No dia 24 de setembro de 2024, a Porbatata, em parceria com a Pinhal Maior \u2013 Associa\u00e7\u00e3o de Desenvolvimento do&#8230;<\/p>\n","protected":false},"author":2,"featured_media":28325,"comment_status":"closed","ping_status":"closed","sticky":false,"template":"","format":"standard","meta":{"footnotes":""},"categories":[124,104,1],"tags":[],"class_list":["post-28322","post","type-post","status-publish","format-standard","has-post-thumbnail","hentry","category-conselho-tecnico-consultivo","category-agenda","category-noticias"],"translation":{"provider":"WPGlobus","version":"3.0.0","language":"en","enabled_languages":["pt","en"],"languages":{"pt":{"title":true,"content":true,"excerpt":false},"en":{"title":false,"content":false,"excerpt":false}}},"_links":{"self":[{"href":"https:\/\/www.porbatata.pt\/en\/wp-json\/wp\/v2\/posts\/28322","targetHints":{"allow":["GET"]}}],"collection":[{"href":"https:\/\/www.porbatata.pt\/en\/wp-json\/wp\/v2\/posts"}],"about":[{"href":"https:\/\/www.porbatata.pt\/en\/wp-json\/wp\/v2\/types\/post"}],"author":[{"embeddable":true,"href":"https:\/\/www.porbatata.pt\/en\/wp-json\/wp\/v2\/users\/2"}],"replies":[{"embeddable":true,"href":"https:\/\/www.porbatata.pt\/en\/wp-json\/wp\/v2\/comments?post=28322"}],"version-history":[{"count":2,"href":"https:\/\/www.porbatata.pt\/en\/wp-json\/wp\/v2\/posts\/28322\/revisions"}],"predecessor-version":[{"id":28342,"href":"https:\/\/www.porbatata.pt\/en\/wp-json\/wp\/v2\/posts\/28322\/revisions\/28342"}],"wp:featuredmedia":[{"embeddable":true,"href":"https:\/\/www.porbatata.pt\/en\/wp-json\/wp\/v2\/media\/28325"}],"wp:attachment":[{"href":"https:\/\/www.porbatata.pt\/en\/wp-json\/wp\/v2\/media?parent=28322"}],"wp:term":[{"taxonomy":"category","embeddable":true,"href":"https:\/\/www.porbatata.pt\/en\/wp-json\/wp\/v2\/categories?post=28322"},{"taxonomy":"post_tag","embeddable":true,"href":"https:\/\/www.porbatata.pt\/en\/wp-json\/wp\/v2\/tags?post=28322"}],"curies":[{"name":"wp","href":"https:\/\/api.w.org\/{rel}","templated":true}]}}