{"id":28442,"date":"2025-01-30T09:38:54","date_gmt":"2025-01-30T09:38:54","guid":{"rendered":"https:\/\/www.porbatata.pt\/?p=28442"},"modified":"2025-01-30T09:38:55","modified_gmt":"2025-01-30T09:38:55","slug":"evento-boas-praticas-na-instalacao-da-cultura-da-batata-foi-um-sucesso","status":"publish","type":"post","link":"https:\/\/www.porbatata.pt\/en\/evento-boas-praticas-na-instalacao-da-cultura-da-batata-foi-um-sucesso\/","title":{"rendered":"Evento &#8220;Boas Pr\u00e1ticas na Instala\u00e7\u00e3o da Cultura da Batata&#8221; foi um sucesso!"},"content":{"rendered":"<div class=\"wp-block-image\">\n<figure class=\"aligncenter size-large is-resized\"><img loading=\"lazy\" decoding=\"async\" width=\"683\" height=\"1024\" src=\"https:\/\/www.porbatata.pt\/wp-content\/uploads\/2025\/01\/26f62b9b-beb8-995c-7434-145ac07a6853-683x1024.png\" alt=\"\" class=\"wp-image-28443\" style=\"width:532px;height:auto\" srcset=\"https:\/\/www.porbatata.pt\/wp-content\/uploads\/2025\/01\/26f62b9b-beb8-995c-7434-145ac07a6853-683x1024.png 683w, https:\/\/www.porbatata.pt\/wp-content\/uploads\/2025\/01\/26f62b9b-beb8-995c-7434-145ac07a6853-200x300.png 200w, https:\/\/www.porbatata.pt\/wp-content\/uploads\/2025\/01\/26f62b9b-beb8-995c-7434-145ac07a6853-768x1152.png 768w, https:\/\/www.porbatata.pt\/wp-content\/uploads\/2025\/01\/26f62b9b-beb8-995c-7434-145ac07a6853.png 778w\" sizes=\"auto, (max-width: 683px) 100vw, 683px\" \/><\/figure><\/div>\n\n\n<p>No passado dia <strong>16 de janeiro de 2025<\/strong>, realizou-se no <strong>Audit\u00f3rio da Escola &#8220;O S\u00e9culo&#8221;, em Salvaterra de Magos<\/strong>, o evento <strong>&#8220;Boas Pr\u00e1ticas na Instala\u00e7\u00e3o da Cultura da Batata&#8221;<\/strong>, organizado pela <strong>Porbatata<\/strong>, com o apoio do <strong>Munic\u00edpio de Salvaterra de Magos<\/strong>.<\/p>\n\n\n\n<p>Esta iniciativa, <strong>cofinanciada pelo PDR 2020<\/strong>, no \u00e2mbito do <strong>Aviso 214 \u2013 A\u00e7\u00f5es de Informa\u00e7\u00e3o<\/strong>, reuniu especialistas do setor e contou com uma <strong>forte ades\u00e3o de produtores, t\u00e9cnicos e profissionais<\/strong> interessados em aprofundar os seus conhecimentos sobre a instala\u00e7\u00e3o da cultura da batata.<\/p>\n\n\n\n<h3 class=\"wp-block-heading\"><strong>Um programa enriquecedor e participativo<\/strong><\/h3>\n\n\n\n<p>O evento arrancou com uma sess\u00e3o de <strong>abertura pela Porbatata e pelo Munic\u00edpio de Salvaterra de Magos<\/strong>, seguindo-se interven\u00e7\u00f5es t\u00e9cnicas de grande relev\u00e2ncia:<\/p>\n\n\n\n<p>\u2705 <strong>O Ciclo Cultural da Batata<\/strong><br>\u2705 <strong>Sele\u00e7\u00e3o e Prepara\u00e7\u00e3o do Solo<\/strong> \u2013 Jo\u00e3o Milit\u00e3o (Pelarigo)<br>\u2705 <strong>Prepara\u00e7\u00e3o da Batata de Semente<\/strong> \u2013 Paulo Sim\u00f5es (HZPC)<br>\u2705 <strong>Discuss\u00e3o Aberta e Perguntas &amp; Respostas<\/strong><\/p>\n\n\n\n<p>A sess\u00e3o encerrou com um <strong>momento de debate<\/strong>, onde os participantes puderam esclarecer d\u00favidas e trocar experi\u00eancias, refor\u00e7ando o esp\u00edrito de partilha e colabora\u00e7\u00e3o dentro do setor.<\/p>\n\n\n\n<h3 class=\"wp-block-heading\"><strong>Agradecimento aos parceiros<\/strong><\/h3>\n\n\n\n<p>A Porbatata agradece ao <strong>Munic\u00edpio de Salvaterra de Magos<\/strong>, pela parceria e apoio log\u00edstico, aos <strong>oradores, Jo\u00e3o Milit\u00e3o (Pelarigo) e Paulo Sim\u00f5es (HZPC),<\/strong> pelo seu contributo t\u00e9cnico e disponibilidade, \u00e0 <strong>Revista Frutas, Legumes e Flores<\/strong>, pelo acompanhamento e divulga\u00e7\u00e3o do evento, e aos nossos <strong>Parceiros Anuais Diamante<\/strong>, <strong>ADP Fertilizantes, BASF, HUBEL e CORTEVA,<\/strong> cujo apoio cont\u00ednuo tem sido essencial para a realiza\u00e7\u00e3o das nossas iniciativas.<\/p>\n\n\n\n<p>\ud83d\udce2 <strong>Continuaremos a promover a\u00e7\u00f5es que valorizam a fileira da batata em Portugal! Fique atento \u00e0s pr\u00f3ximas iniciativas da Porbatata.<\/strong><\/p>\n\n\n\n<p><\/p>\n","protected":false},"excerpt":{"rendered":"<p>No passado dia 16 de janeiro de 2025, realizou-se no Audit\u00f3rio da Escola &#8220;O S\u00e9culo&#8221;, em Salvaterra de Magos, o&#8230;<\/p>\n","protected":false},"author":2,"featured_media":28443,"comment_status":"closed","ping_status":"closed","sticky":false,"template":"","format":"standard","meta":{"footnotes":""},"categories":[1],"tags":[],"class_list":["post-28442","post","type-post","status-publish","format-standard","has-post-thumbnail","hentry","category-noticias"],"translation":{"provider":"WPGlobus","version":"3.0.0","language":"en","enabled_languages":["pt","en"],"languages":{"pt":{"title":true,"content":true,"excerpt":false},"en":{"title":false,"content":false,"excerpt":false}}},"_links":{"self":[{"href":"https:\/\/www.porbatata.pt\/en\/wp-json\/wp\/v2\/posts\/28442","targetHints":{"allow":["GET"]}}],"collection":[{"href":"https:\/\/www.porbatata.pt\/en\/wp-json\/wp\/v2\/posts"}],"about":[{"href":"https:\/\/www.porbatata.pt\/en\/wp-json\/wp\/v2\/types\/post"}],"author":[{"embeddable":true,"href":"https:\/\/www.porbatata.pt\/en\/wp-json\/wp\/v2\/users\/2"}],"replies":[{"embeddable":true,"href":"https:\/\/www.porbatata.pt\/en\/wp-json\/wp\/v2\/comments?post=28442"}],"version-history":[{"count":1,"href":"https:\/\/www.porbatata.pt\/en\/wp-json\/wp\/v2\/posts\/28442\/revisions"}],"predecessor-version":[{"id":28444,"href":"https:\/\/www.porbatata.pt\/en\/wp-json\/wp\/v2\/posts\/28442\/revisions\/28444"}],"wp:featuredmedia":[{"embeddable":true,"href":"https:\/\/www.porbatata.pt\/en\/wp-json\/wp\/v2\/media\/28443"}],"wp:attachment":[{"href":"https:\/\/www.porbatata.pt\/en\/wp-json\/wp\/v2\/media?parent=28442"}],"wp:term":[{"taxonomy":"category","embeddable":true,"href":"https:\/\/www.porbatata.pt\/en\/wp-json\/wp\/v2\/categories?post=28442"},{"taxonomy":"post_tag","embeddable":true,"href":"https:\/\/www.porbatata.pt\/en\/wp-json\/wp\/v2\/tags?post=28442"}],"curies":[{"name":"wp","href":"https:\/\/api.w.org\/{rel}","templated":true}]}}