{"id":28473,"date":"2025-03-21T16:23:45","date_gmt":"2025-03-21T16:23:45","guid":{"rendered":"https:\/\/www.porbatata.pt\/?p=28473"},"modified":"2025-04-03T15:31:14","modified_gmt":"2025-04-03T15:31:14","slug":"forum-batata-2025-22-de-abril-santarem","status":"publish","type":"post","link":"https:\/\/www.porbatata.pt\/en\/forum-batata-2025-22-de-abril-santarem\/","title":{"rendered":"F\u00f3rum Batata 2025 \u2013 14 de maio, Santar\u00e9m"},"content":{"rendered":"<div class=\"wp-block-image\">\n<figure class=\"aligncenter size-large\"><img loading=\"lazy\" decoding=\"async\" width=\"725\" height=\"1024\" src=\"https:\/\/www.porbatata.pt\/wp-content\/uploads\/2025\/03\/Programa-Forum-Batata-725x1024.jpg\" alt=\"\" class=\"wp-image-28483\" srcset=\"https:\/\/www.porbatata.pt\/wp-content\/uploads\/2025\/03\/Programa-Forum-Batata-725x1024.jpg 725w, https:\/\/www.porbatata.pt\/wp-content\/uploads\/2025\/03\/Programa-Forum-Batata-212x300.jpg 212w, https:\/\/www.porbatata.pt\/wp-content\/uploads\/2025\/03\/Programa-Forum-Batata-768x1085.jpg 768w, https:\/\/www.porbatata.pt\/wp-content\/uploads\/2025\/03\/Programa-Forum-Batata-1088x1536.jpg 1088w, https:\/\/www.porbatata.pt\/wp-content\/uploads\/2025\/03\/Programa-Forum-Batata.jpg 1242w\" sizes=\"auto, (max-width: 725px) 100vw, 725px\" \/><\/figure><\/div>\n\n\n<p><\/p>\n\n\n\n<p><\/p>\n\n\n\n<p>A Porbatata, em parceria com o COTHN e a FNOP, promove no dia <strong>14 de maio<\/strong>, na <strong>Escola Superior Agr\u00e1ria de Santar\u00e9m<\/strong>, o <em>F\u00f3rum Batata 2025<\/em>.<\/p>\n\n\n\n<p>O evento reunir\u00e1 representantes da produ\u00e7\u00e3o, ind\u00fastria e distribui\u00e7\u00e3o para debater os temas centrais da fileira da batata em Portugal: <strong>inova\u00e7\u00e3o<\/strong>, <strong>mercado<\/strong> e <strong>promo\u00e7\u00e3o<\/strong>. O programa contar\u00e1 com keynotes nacionais e internacionais, mesas redondas e momentos dedicados ao networking.<\/p>\n\n\n\n<p>Uma iniciativa que refor\u00e7a o compromisso com a valoriza\u00e7\u00e3o e o futuro da batata portuguesa.<\/p>\n\n\n\n<p>\ud83d\udcc5 <strong>Reserve j\u00e1 a nova data na sua agenda!<\/strong><\/p>\n\n\n\n<p><\/p>\n","protected":false},"excerpt":{"rendered":"<p>A Porbatata, em parceria com o COTHN e a FNOP, promove no dia 14 de maio, na Escola Superior Agr\u00e1ria&#8230;<\/p>\n","protected":false},"author":2,"featured_media":28486,"comment_status":"closed","ping_status":"closed","sticky":false,"template":"","format":"standard","meta":{"footnotes":""},"categories":[108,104,1],"tags":[],"class_list":["post-28473","post","type-post","status-publish","format-standard","has-post-thumbnail","hentry","category-destaque","category-agenda","category-noticias"],"translation":{"provider":"WPGlobus","version":"3.0.0","language":"en","enabled_languages":["pt","en"],"languages":{"pt":{"title":true,"content":true,"excerpt":false},"en":{"title":false,"content":false,"excerpt":false}}},"_links":{"self":[{"href":"https:\/\/www.porbatata.pt\/en\/wp-json\/wp\/v2\/posts\/28473","targetHints":{"allow":["GET"]}}],"collection":[{"href":"https:\/\/www.porbatata.pt\/en\/wp-json\/wp\/v2\/posts"}],"about":[{"href":"https:\/\/www.porbatata.pt\/en\/wp-json\/wp\/v2\/types\/post"}],"author":[{"embeddable":true,"href":"https:\/\/www.porbatata.pt\/en\/wp-json\/wp\/v2\/users\/2"}],"replies":[{"embeddable":true,"href":"https:\/\/www.porbatata.pt\/en\/wp-json\/wp\/v2\/comments?post=28473"}],"version-history":[{"count":3,"href":"https:\/\/www.porbatata.pt\/en\/wp-json\/wp\/v2\/posts\/28473\/revisions"}],"predecessor-version":[{"id":28484,"href":"https:\/\/www.porbatata.pt\/en\/wp-json\/wp\/v2\/posts\/28473\/revisions\/28484"}],"wp:featuredmedia":[{"embeddable":true,"href":"https:\/\/www.porbatata.pt\/en\/wp-json\/wp\/v2\/media\/28486"}],"wp:attachment":[{"href":"https:\/\/www.porbatata.pt\/en\/wp-json\/wp\/v2\/media?parent=28473"}],"wp:term":[{"taxonomy":"category","embeddable":true,"href":"https:\/\/www.porbatata.pt\/en\/wp-json\/wp\/v2\/categories?post=28473"},{"taxonomy":"post_tag","embeddable":true,"href":"https:\/\/www.porbatata.pt\/en\/wp-json\/wp\/v2\/tags?post=28473"}],"curies":[{"name":"wp","href":"https:\/\/api.w.org\/{rel}","templated":true}]}}