{"id":28487,"date":"2025-04-04T15:13:37","date_gmt":"2025-04-04T15:13:37","guid":{"rendered":"https:\/\/www.porbatata.pt\/?p=28487"},"modified":"2025-04-04T15:14:19","modified_gmt":"2025-04-04T15:14:19","slug":"antonio-gomes-regressa-a-presidencia-da-porbatata","status":"publish","type":"post","link":"https:\/\/www.porbatata.pt\/en\/antonio-gomes-regressa-a-presidencia-da-porbatata\/","title":{"rendered":"Ant\u00f3nio Gomes regressa \u00e0 presid\u00eancia da Porbatata"},"content":{"rendered":"<div class=\"wp-block-image\">\n<figure class=\"aligncenter size-large is-resized\"><img loading=\"lazy\" decoding=\"async\" width=\"576\" height=\"1024\" src=\"https:\/\/www.porbatata.pt\/wp-content\/uploads\/2025\/04\/Antonio-Gomes-576x1024.jpg\" alt=\"\" class=\"wp-image-28488\" style=\"width:218px;height:auto\" srcset=\"https:\/\/www.porbatata.pt\/wp-content\/uploads\/2025\/04\/Antonio-Gomes-576x1024.jpg 576w, https:\/\/www.porbatata.pt\/wp-content\/uploads\/2025\/04\/Antonio-Gomes-169x300.jpg 169w, https:\/\/www.porbatata.pt\/wp-content\/uploads\/2025\/04\/Antonio-Gomes-768x1364.jpg 768w, https:\/\/www.porbatata.pt\/wp-content\/uploads\/2025\/04\/Antonio-Gomes-865x1536.jpg 865w, https:\/\/www.porbatata.pt\/wp-content\/uploads\/2025\/04\/Antonio-Gomes-1153x2048.jpg 1153w, https:\/\/www.porbatata.pt\/wp-content\/uploads\/2025\/04\/Antonio-Gomes-scaled.jpg 1441w\" sizes=\"auto, (max-width: 576px) 100vw, 576px\" \/><\/figure><\/div>\n\n\n<p><\/p>\n\n\n\n<p class=\"has-text-align-left .justificar-texto {   text-align: justify; }\">Ant\u00f3nio Gomes regressa \u00e0 presid\u00eancia da Porbatata \u2013 Associa\u00e7\u00e3o da Batata de Portugal, ap\u00f3s aprova\u00e7\u00e3o un\u00e2nime em Assembleia Geral. A proposta foi apresentada pela Louricoop, entidade com representa\u00e7\u00e3o na Presid\u00eancia da Dire\u00e7\u00e3o, e enquadra-se no atual mandato.<\/p>\n\n\n\n<p class=\"has-text-align-left\">Ant\u00f3nio Gomes, que j\u00e1 desempenhou anteriormente fun\u00e7\u00f5es como presidente da Porbatata, regressa assim \u00e0 lideran\u00e7a da associa\u00e7\u00e3o at\u00e9 ao final do mandato em 2026.<\/p>\n\n\n\n<p class=\"has-text-align-left .justificar-texto {   text-align: justify; }\">A Porbatata deixa uma nota p\u00fablica de agradecimento a S\u00e9rgio Ferreira, que liderou os destinos da associa\u00e7\u00e3o desde 2020, tendo sido reconduzido em 2023. O seu mandato destacou-se pelo empenho, vis\u00e3o estrat\u00e9gica e dedica\u00e7\u00e3o, com impacto significativo na valoriza\u00e7\u00e3o da batata portuguesa e no refor\u00e7o da representatividade institucional da fileira a n\u00edvel nacional.<\/p>\n\n\n\n<p class=\"has-text-align-left\">A transi\u00e7\u00e3o assegura a continuidade dos projetos em curso e a estabilidade da lideran\u00e7a da Porbatata num per\u00edodo crucial para o setor.<\/p>\n\n\n\n<p><\/p>\n","protected":false},"excerpt":{"rendered":"<p>Ant\u00f3nio Gomes regressa \u00e0 presid\u00eancia da Porbatata \u2013 Associa\u00e7\u00e3o da Batata de Portugal, ap\u00f3s aprova\u00e7\u00e3o un\u00e2nime em Assembleia Geral. A&#8230;<\/p>\n","protected":false},"author":2,"featured_media":28489,"comment_status":"closed","ping_status":"closed","sticky":false,"template":"","format":"standard","meta":{"footnotes":""},"categories":[121,1],"tags":[],"class_list":["post-28487","post","type-post","status-publish","format-standard","has-post-thumbnail","hentry","category-institucional","category-noticias"],"translation":{"provider":"WPGlobus","version":"3.0.0","language":"en","enabled_languages":["pt","en"],"languages":{"pt":{"title":true,"content":true,"excerpt":false},"en":{"title":false,"content":false,"excerpt":false}}},"_links":{"self":[{"href":"https:\/\/www.porbatata.pt\/en\/wp-json\/wp\/v2\/posts\/28487","targetHints":{"allow":["GET"]}}],"collection":[{"href":"https:\/\/www.porbatata.pt\/en\/wp-json\/wp\/v2\/posts"}],"about":[{"href":"https:\/\/www.porbatata.pt\/en\/wp-json\/wp\/v2\/types\/post"}],"author":[{"embeddable":true,"href":"https:\/\/www.porbatata.pt\/en\/wp-json\/wp\/v2\/users\/2"}],"replies":[{"embeddable":true,"href":"https:\/\/www.porbatata.pt\/en\/wp-json\/wp\/v2\/comments?post=28487"}],"version-history":[{"count":2,"href":"https:\/\/www.porbatata.pt\/en\/wp-json\/wp\/v2\/posts\/28487\/revisions"}],"predecessor-version":[{"id":28491,"href":"https:\/\/www.porbatata.pt\/en\/wp-json\/wp\/v2\/posts\/28487\/revisions\/28491"}],"wp:featuredmedia":[{"embeddable":true,"href":"https:\/\/www.porbatata.pt\/en\/wp-json\/wp\/v2\/media\/28489"}],"wp:attachment":[{"href":"https:\/\/www.porbatata.pt\/en\/wp-json\/wp\/v2\/media?parent=28487"}],"wp:term":[{"taxonomy":"category","embeddable":true,"href":"https:\/\/www.porbatata.pt\/en\/wp-json\/wp\/v2\/categories?post=28487"},{"taxonomy":"post_tag","embeddable":true,"href":"https:\/\/www.porbatata.pt\/en\/wp-json\/wp\/v2\/tags?post=28487"}],"curies":[{"name":"wp","href":"https:\/\/api.w.org\/{rel}","templated":true}]}}