{"id":28504,"date":"2025-04-21T14:26:00","date_gmt":"2025-04-21T14:26:00","guid":{"rendered":"https:\/\/www.porbatata.pt\/?p=28504"},"modified":"2025-04-21T14:26:02","modified_gmt":"2025-04-21T14:26:02","slug":"congresso-europatat-e-dia-internacional-da-batata-marcam-agenda-do-setor","status":"publish","type":"post","link":"https:\/\/www.porbatata.pt\/en\/congresso-europatat-e-dia-internacional-da-batata-marcam-agenda-do-setor\/","title":{"rendered":"Congresso Europatat e Dia Internacional da Batata marcam agenda do setor"},"content":{"rendered":"\n<figure class=\"wp-block-image size-large\"><img loading=\"lazy\" decoding=\"async\" width=\"1024\" height=\"433\" src=\"https:\/\/www.porbatata.pt\/wp-content\/uploads\/2025\/04\/888-1024x433.png\" alt=\"\" class=\"wp-image-28505\" srcset=\"https:\/\/www.porbatata.pt\/wp-content\/uploads\/2025\/04\/888-1024x433.png 1024w, https:\/\/www.porbatata.pt\/wp-content\/uploads\/2025\/04\/888-300x127.png 300w, https:\/\/www.porbatata.pt\/wp-content\/uploads\/2025\/04\/888-768x325.png 768w, https:\/\/www.porbatata.pt\/wp-content\/uploads\/2025\/04\/888-1536x650.png 1536w, https:\/\/www.porbatata.pt\/wp-content\/uploads\/2025\/04\/888-2048x866.png 2048w\" sizes=\"auto, (max-width: 1024px) 100vw, 1024px\" \/><\/figure>\n\n\n\n<p>O setor europeu da batata prepara-se para duas iniciativas de grande relev\u00e2ncia que refor\u00e7am a visibilidade e o papel estrat\u00e9gico deste cultivo a n\u00edvel internacional.<\/p>\n\n\n\n<p>No pr\u00f3ximo dia <strong>27 de maio<\/strong>, ter\u00e1 lugar em Bruxelas o <strong>Dia Internacional da Batata<\/strong>, uma iniciativa promovida por diversas entidades, incluindo a FAO e a Europatat, com o objetivo de assinalar, pela segunda vez, a data oficialmente reconhecida pelas Na\u00e7\u00f5es Unidas. O evento reunir\u00e1 representantes institucionais, investigadores, empresas e organiza\u00e7\u00f5es da fileira para destacar a import\u00e2ncia global da batata enquanto cultura essencial para a seguran\u00e7a alimentar, a nutri\u00e7\u00e3o e o desenvolvimento sustent\u00e1vel.<\/p>\n\n\n\n<p>J\u00e1 entre <strong>11 e 13 de junho<\/strong>, a cidade de <strong>Lille, em Fran\u00e7a<\/strong>, acolhe o <strong>Congresso Europatat 2025<\/strong>, sob o tema <em>\u201cRumo a um setor mais resiliente\u201d<\/em>. A Porbatata marcar\u00e1 presen\u00e7a neste congresso, que contar\u00e1 com pain\u00e9is dedicados \u00e0 resili\u00eancia clim\u00e1tica e econ\u00f3mica, inova\u00e7\u00e3o, mercado e futuro da fileira europeia. O programa inclui ainda visitas t\u00e9cnicas e momentos de networking com representantes de organiza\u00e7\u00f5es e empresas de toda a Europa.<\/p>\n\n\n\n<p>Estes dois eventos refletem o crescente reconhecimento internacional da batata como cultura estrat\u00e9gica e oferecem oportunidades relevantes para troca de conhecimento e refor\u00e7o da coopera\u00e7\u00e3o entre pa\u00edses produtores.<\/p>\n\n\n\n<p><strong>Mais informa\u00e7\u00f5es:<\/strong><\/p>\n\n\n\n<ul class=\"wp-block-list\">\n<li><a href=\"https:\/\/kellen-europe.idloom.events\/international-potato-day-event\">Dia Internacional da Batata \u2013 27 de maio, Bruxelas<\/a><\/li>\n\n\n\n<li><a href=\"https:\/\/europatat.us20.list-manage.com\/track\/click?u=9b8d94428914cb7303fad3917&amp;id=555d016f35&amp;e=5523b89a10\">Congresso Europatat 2025 \u2013 11 a 13 de junho, Lille<\/a><\/li>\n<\/ul>\n","protected":false},"excerpt":{"rendered":"<p>O setor europeu da batata prepara-se para duas iniciativas de grande relev\u00e2ncia que refor\u00e7am a visibilidade e o papel estrat\u00e9gico&#8230;<\/p>\n","protected":false},"author":2,"featured_media":28505,"comment_status":"closed","ping_status":"closed","sticky":false,"template":"","format":"standard","meta":{"footnotes":""},"categories":[104,121,109,1],"tags":[],"class_list":["post-28504","post","type-post","status-publish","format-standard","has-post-thumbnail","hentry","category-agenda","category-institucional","category-newsletters-europatat","category-noticias"],"translation":{"provider":"WPGlobus","version":"3.0.0","language":"en","enabled_languages":["pt","en"],"languages":{"pt":{"title":true,"content":true,"excerpt":false},"en":{"title":false,"content":false,"excerpt":false}}},"_links":{"self":[{"href":"https:\/\/www.porbatata.pt\/en\/wp-json\/wp\/v2\/posts\/28504","targetHints":{"allow":["GET"]}}],"collection":[{"href":"https:\/\/www.porbatata.pt\/en\/wp-json\/wp\/v2\/posts"}],"about":[{"href":"https:\/\/www.porbatata.pt\/en\/wp-json\/wp\/v2\/types\/post"}],"author":[{"embeddable":true,"href":"https:\/\/www.porbatata.pt\/en\/wp-json\/wp\/v2\/users\/2"}],"replies":[{"embeddable":true,"href":"https:\/\/www.porbatata.pt\/en\/wp-json\/wp\/v2\/comments?post=28504"}],"version-history":[{"count":1,"href":"https:\/\/www.porbatata.pt\/en\/wp-json\/wp\/v2\/posts\/28504\/revisions"}],"predecessor-version":[{"id":28506,"href":"https:\/\/www.porbatata.pt\/en\/wp-json\/wp\/v2\/posts\/28504\/revisions\/28506"}],"wp:featuredmedia":[{"embeddable":true,"href":"https:\/\/www.porbatata.pt\/en\/wp-json\/wp\/v2\/media\/28505"}],"wp:attachment":[{"href":"https:\/\/www.porbatata.pt\/en\/wp-json\/wp\/v2\/media?parent=28504"}],"wp:term":[{"taxonomy":"category","embeddable":true,"href":"https:\/\/www.porbatata.pt\/en\/wp-json\/wp\/v2\/categories?post=28504"},{"taxonomy":"post_tag","embeddable":true,"href":"https:\/\/www.porbatata.pt\/en\/wp-json\/wp\/v2\/tags?post=28504"}],"curies":[{"name":"wp","href":"https:\/\/api.w.org\/{rel}","templated":true}]}}