{"id":28594,"date":"2025-05-23T11:02:07","date_gmt":"2025-05-23T11:02:07","guid":{"rendered":"https:\/\/www.porbatata.pt\/?p=28594"},"modified":"2025-05-23T11:02:52","modified_gmt":"2025-05-23T11:02:52","slug":"do-campo-a-mesa-o-trajecto-da-batata-portuguesa-novo-video-institucional-da-porbatata","status":"publish","type":"post","link":"https:\/\/www.porbatata.pt\/en\/do-campo-a-mesa-o-trajecto-da-batata-portuguesa-novo-video-institucional-da-porbatata\/","title":{"rendered":"\u201cDo Campo \u00e0 Mesa \u2013 O Trajecto da Batata Portuguesa\u201d &#8211; Novo V\u00eddeo Institucional da Porbatata"},"content":{"rendered":"\n<figure class=\"wp-block-embed is-type-video is-provider-youtube wp-block-embed-youtube wp-embed-aspect-16-9 wp-has-aspect-ratio\"><div class=\"wp-block-embed__wrapper\">\n<iframe loading=\"lazy\" title=\"Do Campo \u00e0 Mesa \u2013 O Trajeto da Batata Portuguesa (Vers\u00e3o Curta)\" width=\"1170\" height=\"658\" src=\"https:\/\/www.youtube.com\/embed\/BcesGeisP3Q?feature=oembed\" frameborder=\"0\" allow=\"accelerometer; autoplay; clipboard-write; encrypted-media; gyroscope; picture-in-picture; web-share\" referrerpolicy=\"strict-origin-when-cross-origin\" allowfullscreen><\/iframe>\n<\/div><\/figure>\n\n\n\n<p><\/p>\n\n\n\n<p>A Porbatata \u2013 Associa\u00e7\u00e3o da Batata de Portugal apresenta o seu novo v\u00eddeo institucional:<br><strong>\u201cDo Campo \u00e0 Mesa \u2013 O Trajecto da Batata Portuguesa\u201d<\/strong>.<\/p>\n\n\n\n<p>Este filme educativo acompanha, de forma clara e envolvente, todas as fases da produ\u00e7\u00e3o da batata nacional \u2013 desde a sele\u00e7\u00e3o da semente at\u00e9 \u00e0 mesa do consumidor \u2013 destacando boas pr\u00e1ticas agr\u00edcolas, inova\u00e7\u00e3o e sustentabilidade no setor.<\/p>\n\n\n\n<p>O v\u00eddeo est\u00e1 dispon\u00edvel em duas vers\u00f5es:<\/p>\n\n\n\n<ul class=\"wp-block-list\">\n<li><strong>Vers\u00e3o Completa (15 minutos)<\/strong> \u2013 ideal para a\u00e7\u00f5es formativas e institucionais.<\/li>\n\n\n\n<li><strong>Vers\u00e3o Resumo (5 minutos)<\/strong> \u2013 perfeita para redes sociais e divulga\u00e7\u00e3o junto ao consumidor final.<\/li>\n<\/ul>\n\n\n\n<p>\ud83c\udfac <strong>Veja agora:<\/strong><br>\ud83d\udd17 <a href=\"https:\/\/youtu.be\/TNqXn0hyA90?si=CCdUL0o1dctrQAwH\">[Vers\u00e3o Completa no YouTube \u2013 15 min]<\/a><br>\ud83d\udd17 <a href=\"https:\/\/youtu.be\/BcesGeisP3Q?si=1a0GViFieLHw4lm0\">[Vers\u00e3o Resumo no YouTube \u2013 5 min]<\/a><\/p>\n\n\n\n<p>Este projeto foi desenvolvido com o apoio de diversos parceiros da fileira e <strong>cofinanciado no \u00e2mbito do Aviso 2.1.4 \u2013 A\u00e7\u00f5es de Informa\u00e7\u00e3o, Projeto PDR2020-214-102888<\/strong>.<\/p>\n\n\n\n<p><strong>Do campo \u00e0 mesa, cada etapa conta. Valorize a produ\u00e7\u00e3o nacional.<\/strong><\/p>\n\n\n\n<p><\/p>\n","protected":false},"excerpt":{"rendered":"<p>A Porbatata \u2013 Associa\u00e7\u00e3o da Batata de Portugal apresenta o seu novo v\u00eddeo institucional:\u201cDo Campo \u00e0 Mesa \u2013 O Trajecto&#8230;<\/p>\n","protected":false},"author":2,"featured_media":28596,"comment_status":"closed","ping_status":"closed","sticky":false,"template":"","format":"standard","meta":{"footnotes":""},"categories":[121,1],"tags":[],"class_list":["post-28594","post","type-post","status-publish","format-standard","has-post-thumbnail","hentry","category-institucional","category-noticias"],"translation":{"provider":"WPGlobus","version":"3.0.0","language":"en","enabled_languages":["pt","en"],"languages":{"pt":{"title":true,"content":true,"excerpt":false},"en":{"title":false,"content":false,"excerpt":false}}},"_links":{"self":[{"href":"https:\/\/www.porbatata.pt\/en\/wp-json\/wp\/v2\/posts\/28594","targetHints":{"allow":["GET"]}}],"collection":[{"href":"https:\/\/www.porbatata.pt\/en\/wp-json\/wp\/v2\/posts"}],"about":[{"href":"https:\/\/www.porbatata.pt\/en\/wp-json\/wp\/v2\/types\/post"}],"author":[{"embeddable":true,"href":"https:\/\/www.porbatata.pt\/en\/wp-json\/wp\/v2\/users\/2"}],"replies":[{"embeddable":true,"href":"https:\/\/www.porbatata.pt\/en\/wp-json\/wp\/v2\/comments?post=28594"}],"version-history":[{"count":2,"href":"https:\/\/www.porbatata.pt\/en\/wp-json\/wp\/v2\/posts\/28594\/revisions"}],"predecessor-version":[{"id":28597,"href":"https:\/\/www.porbatata.pt\/en\/wp-json\/wp\/v2\/posts\/28594\/revisions\/28597"}],"wp:featuredmedia":[{"embeddable":true,"href":"https:\/\/www.porbatata.pt\/en\/wp-json\/wp\/v2\/media\/28596"}],"wp:attachment":[{"href":"https:\/\/www.porbatata.pt\/en\/wp-json\/wp\/v2\/media?parent=28594"}],"wp:term":[{"taxonomy":"category","embeddable":true,"href":"https:\/\/www.porbatata.pt\/en\/wp-json\/wp\/v2\/categories?post=28594"},{"taxonomy":"post_tag","embeddable":true,"href":"https:\/\/www.porbatata.pt\/en\/wp-json\/wp\/v2\/tags?post=28594"}],"curies":[{"name":"wp","href":"https:\/\/api.w.org\/{rel}","templated":true}]}}