{"id":28625,"date":"2025-07-17T16:07:10","date_gmt":"2025-07-17T16:07:10","guid":{"rendered":"https:\/\/www.porbatata.pt\/?p=28625"},"modified":"2025-07-17T16:07:11","modified_gmt":"2025-07-17T16:07:11","slug":"porbatata-marca-presenca-no-europatat-congress-2025-em-lille","status":"publish","type":"post","link":"https:\/\/www.porbatata.pt\/en\/porbatata-marca-presenca-no-europatat-congress-2025-em-lille\/","title":{"rendered":"Porbatata Marca Presen\u00e7a no Europatat Congress 2025 em Lille"},"content":{"rendered":"<div class=\"wp-block-image\">\n<figure class=\"aligncenter size-large\"><img decoding=\"async\" src=\"https:\/\/www.porbatata.pt\/wp-content\/uploads\/2025\/07\/7cdfcc5c-1221-fdca-8caf-2a0d9d551480-1024x707.jpeg\" alt=\"\" class=\"wp-image-28626\"\/><\/figure><\/div>\n\n\n<p><\/p>\n\n\n\n<p>Entre 11 e 13 de Junho de 2025, realizou\u2011se em Lille, Fran\u00e7a, o Europatat Congress 2025,organizado pela Europatat em parceria com a Fedepom, que reuniu dirigentes e operadores de toda a fileira europeia da batata num debate sobre os desafios e as perspectivas de futuro do setor.<\/p>\n\n\n\n<p>O dia 11 foi reservado a membros, e particip\u00e1mos em cinco comiss\u00f5es de trabalho \u2014 Consumo, Semente, T\u00e9cnica &amp; Regulamentar, Sustentabilidade e RUCIP \u2014 e na Assembleia Geral, contribuindo para decis\u00f5es estrat\u00e9gicas que moldar\u00e3o o setor nos pr\u00f3ximos anos.<\/p>\n\n\n\n<p>No painel acess\u00edvel ao p\u00fablico em geral, no dia 12, assistimos a debates sobre o mercado franc\u00eas e a sess\u00f5es de networking de alto n\u00edvel, com destaque para a log\u00edstica do Porto de Dunquerque e para a confer\u00eancia do Institut Pasteur de Lille sobre a liga\u00e7\u00e3o entre batata e investiga\u00e7\u00e3o m\u00e9dica.<\/p>\n\n\n\n<p>Na sess\u00e3o de abertura, Tigran Richter (Presidente da Europatat) e Dominique P\u00e8re (Presidente da Fedepom) destacaram o peso estrat\u00e9gico de Fran\u00e7a enquanto segundo maior produtor da Uni\u00e3o Europeia e principal exportador mundial de batata de consumo em fresco.<\/p>\n\n\n\n<p>Seguiu\u2011se a interven\u00e7\u00e3o de Patrick\u202fBaudry, o segundo astronauta franc\u00eas a ir ao espa\u00e7o, que tra\u00e7ou um paralelo entre a perseveran\u00e7a necess\u00e1ria na explora\u00e7\u00e3o espacial e os desafios de adapta\u00e7\u00e3o e inova\u00e7\u00e3o que a fileira da batata enfrenta num mercado cada vez mais vol\u00e1til.<\/p>\n\n\n\n<p>O painel central centrou\u2011se no mercado franc\u00eas e no seu impacto no conjunto da Europa, com dados apresentados por Florence\u202fRossillion (CNIPT) que confirmaram o decl\u00ednio do consumo de batata em fresco em favor de produtos processados, ao mesmo tempo que sublinharam a import\u00e2ncia de iniciativas de comunica\u00e7\u00e3o para promover atributos como a naturalidade, o valor nutricional e a sustentabilidade do tub\u00e9rculo.<\/p>\n\n\n\n<p>Oradores como Florimond\u202fDesprez (Florimond Desprez) e Francisco\u202fMoya (Vitalis Group) refor\u00e7aram a necessidade de desenvolver variedades que respondam \u00e0s exig\u00eancias dos consumidores e de manter uma vis\u00e3o global face \u00e0 crescente procura por produtos processados, especialmente batatas congeladas.<\/p>\n\n\n\n<p>No encerramento, os oradores partilharam uma vis\u00e3o cautelosamente optimista, salientando que \u201ch\u00e1 um futuro para as batatas\u201d desde que se mantenha o foco na investiga\u00e7\u00e3o, na inova\u00e7\u00e3o e na adapta\u00e7\u00e3o \u00e0s altera\u00e7\u00f5es clim\u00e1ticas, econ\u00f3micas e geopol\u00edticas .<\/p>\n\n\n\n<p>A participa\u00e7\u00e3o da Porbatata nos dias 11 e 12 no Europatat Congress 2025, n\u00e3o foi meramente protocolar: fortalecemos alian\u00e7as, antecip\u00e1mos desafios regulat\u00f3rios e refor\u00e7\u00e1mos a nossa influ\u00eancia nas pol\u00edticas europeias.<\/p>\n","protected":false},"excerpt":{"rendered":"<p>Entre 11 e 13 de Junho de 2025, realizou\u2011se em Lille, Fran\u00e7a, o Europatat Congress 2025,organizado pela Europatat em parceria&#8230;<\/p>\n","protected":false},"author":2,"featured_media":28626,"comment_status":"closed","ping_status":"closed","sticky":false,"template":"","format":"standard","meta":{"footnotes":""},"categories":[1],"tags":[],"class_list":["post-28625","post","type-post","status-publish","format-standard","has-post-thumbnail","hentry","category-noticias"],"translation":{"provider":"WPGlobus","version":"3.0.0","language":"en","enabled_languages":["pt","en"],"languages":{"pt":{"title":true,"content":true,"excerpt":false},"en":{"title":false,"content":false,"excerpt":false}}},"_links":{"self":[{"href":"https:\/\/www.porbatata.pt\/en\/wp-json\/wp\/v2\/posts\/28625","targetHints":{"allow":["GET"]}}],"collection":[{"href":"https:\/\/www.porbatata.pt\/en\/wp-json\/wp\/v2\/posts"}],"about":[{"href":"https:\/\/www.porbatata.pt\/en\/wp-json\/wp\/v2\/types\/post"}],"author":[{"embeddable":true,"href":"https:\/\/www.porbatata.pt\/en\/wp-json\/wp\/v2\/users\/2"}],"replies":[{"embeddable":true,"href":"https:\/\/www.porbatata.pt\/en\/wp-json\/wp\/v2\/comments?post=28625"}],"version-history":[{"count":2,"href":"https:\/\/www.porbatata.pt\/en\/wp-json\/wp\/v2\/posts\/28625\/revisions"}],"predecessor-version":[{"id":28628,"href":"https:\/\/www.porbatata.pt\/en\/wp-json\/wp\/v2\/posts\/28625\/revisions\/28628"}],"wp:featuredmedia":[{"embeddable":true,"href":"https:\/\/www.porbatata.pt\/en\/wp-json\/wp\/v2\/media\/28626"}],"wp:attachment":[{"href":"https:\/\/www.porbatata.pt\/en\/wp-json\/wp\/v2\/media?parent=28625"}],"wp:term":[{"taxonomy":"category","embeddable":true,"href":"https:\/\/www.porbatata.pt\/en\/wp-json\/wp\/v2\/categories?post=28625"},{"taxonomy":"post_tag","embeddable":true,"href":"https:\/\/www.porbatata.pt\/en\/wp-json\/wp\/v2\/tags?post=28625"}],"curies":[{"name":"wp","href":"https:\/\/api.w.org\/{rel}","templated":true}]}}