{"id":28807,"date":"2026-01-30T17:20:42","date_gmt":"2026-01-30T17:20:42","guid":{"rendered":"https:\/\/www.porbatata.pt\/?p=28807"},"modified":"2026-01-30T17:20:43","modified_gmt":"2026-01-30T17:20:43","slug":"porbatata-participa-no-congresso-internacional-da-batata-em-espanha-e-reforca-cooperacao-iberica","status":"publish","type":"post","link":"https:\/\/www.porbatata.pt\/en\/porbatata-participa-no-congresso-internacional-da-batata-em-espanha-e-reforca-cooperacao-iberica\/","title":{"rendered":"Porbatata participa no Congresso Internacional da Batata em Espanha e refor\u00e7a coopera\u00e7\u00e3o ib\u00e9rica"},"content":{"rendered":"\n<figure class=\"wp-block-gallery has-nested-images columns-default is-cropped wp-block-gallery-1 is-layout-flex wp-block-gallery-is-layout-flex\">\n<figure class=\"wp-block-image size-large\"><img loading=\"lazy\" decoding=\"async\" width=\"1024\" height=\"577\" data-id=\"28808\" src=\"https:\/\/www.porbatata.pt\/wp-content\/uploads\/2026\/01\/Jornada-patata-revista-campo-2026-22-1024x577.jpg\" alt=\"\" class=\"wp-image-28808\" srcset=\"https:\/\/www.porbatata.pt\/wp-content\/uploads\/2026\/01\/Jornada-patata-revista-campo-2026-22-1024x577.jpg 1024w, https:\/\/www.porbatata.pt\/wp-content\/uploads\/2026\/01\/Jornada-patata-revista-campo-2026-22-300x169.jpg 300w, https:\/\/www.porbatata.pt\/wp-content\/uploads\/2026\/01\/Jornada-patata-revista-campo-2026-22-768x433.jpg 768w, https:\/\/www.porbatata.pt\/wp-content\/uploads\/2026\/01\/Jornada-patata-revista-campo-2026-22.jpg 1100w\" sizes=\"auto, (max-width: 1024px) 100vw, 1024px\" \/><\/figure>\n<\/figure>\n\n\n\n<figure class=\"wp-block-gallery has-nested-images columns-default is-cropped wp-block-gallery-2 is-layout-flex wp-block-gallery-is-layout-flex\">\n<figure class=\"wp-block-image size-large\"><img loading=\"lazy\" decoding=\"async\" width=\"1024\" height=\"941\" data-id=\"28809\" src=\"https:\/\/www.porbatata.pt\/wp-content\/uploads\/2026\/01\/Ricardo-Guerra-1024x941.jpg\" alt=\"\" class=\"wp-image-28809\" srcset=\"https:\/\/www.porbatata.pt\/wp-content\/uploads\/2026\/01\/Ricardo-Guerra-1024x941.jpg 1024w, https:\/\/www.porbatata.pt\/wp-content\/uploads\/2026\/01\/Ricardo-Guerra-300x276.jpg 300w, https:\/\/www.porbatata.pt\/wp-content\/uploads\/2026\/01\/Ricardo-Guerra-768x705.jpg 768w, https:\/\/www.porbatata.pt\/wp-content\/uploads\/2026\/01\/Ricardo-Guerra.jpg 1080w\" sizes=\"auto, (max-width: 1024px) 100vw, 1024px\" \/><\/figure>\n<\/figure>\n\n\n\n<p>A <strong>Porbatata \u2013 Associa\u00e7\u00e3o da Batata de Portugal<\/strong> marcou presen\u00e7a no <strong>Congresso Internacional da Batata<\/strong>, organizado pela <em>Revista Campo<\/em>, em Espanha, um evento de refer\u00eancia que reuniu produtores, ind\u00fastria, distribui\u00e7\u00e3o, investigadores e decisores p\u00fablicos para debater os principais desafios e perspetivas do setor da batata.<\/p>\n\n\n\n<p>O congresso abordou temas centrais para o futuro da fileira, como a sustentabilidade da produ\u00e7\u00e3o, a inova\u00e7\u00e3o tecnol\u00f3gica, a prote\u00e7\u00e3o fitossanit\u00e1ria, a gest\u00e3o eficiente do regadio, as pol\u00edticas agr\u00edcolas e o papel do mercado e do consumidor na valoriza\u00e7\u00e3o do produto.<\/p>\n\n\n\n<p>Portugal esteve representado pela Porbatata, enquanto entidade que representa institucionalmente toda a fileira da batata nacional. No \u00e2mbito de uma mesa de debate dedicada aos desafios do setor, <strong>Ricardo Guerra<\/strong>, em representa\u00e7\u00e3o da Dire\u00e7\u00e3o da Porbatata, sublinhou que <strong>o debate que hoje se faz em Portugal decorre em paralelo com o de Espanha<\/strong>, evidenciando a proximidade de desafios e a necessidade de uma maior articula\u00e7\u00e3o entre os dois pa\u00edses.<\/p>\n\n\n\n<p>\u201c<strong>Estamos a tentar aproximar o setor<\/strong>\u201d, referiu, destacando a import\u00e2ncia de \u201c<strong>nos entendermos mutuamente numa cadeia que inclui todos os intervenientes, do produtor ao consumidor<\/strong>\u201d. Ricardo chamou ainda a aten\u00e7\u00e3o para a necessidade de investir na <strong>educa\u00e7\u00e3o do consumidor<\/strong>, colocando a quest\u00e3o: \u201c<strong>Como educar os consumidores sobre que batatas devem comprar?<\/strong>\u201d. A resposta, defendeu, passa por \u201c<strong>transmitir ao p\u00fablico que a batata \u00e9 um produto de qualidade, mesmo quando n\u00e3o apresenta um aspeto perfeito<\/strong>\u201d.<\/p>\n\n\n\n<p>A participa\u00e7\u00e3o da Porbatata neste congresso refor\u00e7a o seu compromisso com a <strong>representa\u00e7\u00e3o ativa do setor portugu\u00eas em f\u00f3runs internacionais<\/strong>, promovendo o di\u00e1logo ib\u00e9rico e acompanhando de forma pr\u00f3xima as tend\u00eancias t\u00e9cnicas, econ\u00f3micas e regulat\u00f3rias que impactam diretamente a produ\u00e7\u00e3o e comercializa\u00e7\u00e3o da batata.<\/p>\n\n\n\n<p>Portugal e Espanha assumem-se como <strong>parceiros naturais no setor da batata<\/strong>, com fortes liga\u00e7\u00f5es ao n\u00edvel da produ\u00e7\u00e3o, da ind\u00fastria e do com\u00e9rcio, partilhando desafios comuns num contexto europeu cada vez mais exigente.<\/p>\n\n\n\n<p>\ud83d\udc49 <strong>Not\u00edcia relacionada (Revista Campo):<\/strong><br><a href=\"https:\/\/www.revistacampo.es\/patata\/el-sector-carga-las-pilas-en-el-congreso-internacional-de-la-patata\/\">https:\/\/www.revistacampo.es\/patata\/el-sector-carga-las-pilas-en-el-congreso-internacional-de-la-patata\/<\/a><\/p>\n","protected":false},"excerpt":{"rendered":"<p>A Porbatata \u2013 Associa\u00e7\u00e3o da Batata de Portugal marcou presen\u00e7a no Congresso Internacional da Batata, organizado pela Revista Campo, em&#8230;<\/p>\n","protected":false},"author":2,"featured_media":28808,"comment_status":"closed","ping_status":"closed","sticky":false,"template":"","format":"standard","meta":{"footnotes":""},"categories":[104,1],"tags":[],"class_list":["post-28807","post","type-post","status-publish","format-standard","has-post-thumbnail","hentry","category-agenda","category-noticias"],"translation":{"provider":"WPGlobus","version":"3.0.0","language":"en","enabled_languages":["pt","en"],"languages":{"pt":{"title":true,"content":true,"excerpt":false},"en":{"title":false,"content":false,"excerpt":false}}},"_links":{"self":[{"href":"https:\/\/www.porbatata.pt\/en\/wp-json\/wp\/v2\/posts\/28807","targetHints":{"allow":["GET"]}}],"collection":[{"href":"https:\/\/www.porbatata.pt\/en\/wp-json\/wp\/v2\/posts"}],"about":[{"href":"https:\/\/www.porbatata.pt\/en\/wp-json\/wp\/v2\/types\/post"}],"author":[{"embeddable":true,"href":"https:\/\/www.porbatata.pt\/en\/wp-json\/wp\/v2\/users\/2"}],"replies":[{"embeddable":true,"href":"https:\/\/www.porbatata.pt\/en\/wp-json\/wp\/v2\/comments?post=28807"}],"version-history":[{"count":1,"href":"https:\/\/www.porbatata.pt\/en\/wp-json\/wp\/v2\/posts\/28807\/revisions"}],"predecessor-version":[{"id":28811,"href":"https:\/\/www.porbatata.pt\/en\/wp-json\/wp\/v2\/posts\/28807\/revisions\/28811"}],"wp:featuredmedia":[{"embeddable":true,"href":"https:\/\/www.porbatata.pt\/en\/wp-json\/wp\/v2\/media\/28808"}],"wp:attachment":[{"href":"https:\/\/www.porbatata.pt\/en\/wp-json\/wp\/v2\/media?parent=28807"}],"wp:term":[{"taxonomy":"category","embeddable":true,"href":"https:\/\/www.porbatata.pt\/en\/wp-json\/wp\/v2\/categories?post=28807"},{"taxonomy":"post_tag","embeddable":true,"href":"https:\/\/www.porbatata.pt\/en\/wp-json\/wp\/v2\/tags?post=28807"}],"curies":[{"name":"wp","href":"https:\/\/api.w.org\/{rel}","templated":true}]}}