{"id":28840,"date":"2026-04-23T11:08:08","date_gmt":"2026-04-23T11:08:08","guid":{"rendered":"https:\/\/www.porbatata.pt\/?p=28840"},"modified":"2026-04-30T16:25:33","modified_gmt":"2026-04-30T16:25:33","slug":"jornada-tecnica-da-batata-2026-realiza-se-a-14-de-maio-nas-caldas-da-rainha","status":"publish","type":"post","link":"https:\/\/www.porbatata.pt\/en\/jornada-tecnica-da-batata-2026-realiza-se-a-14-de-maio-nas-caldas-da-rainha\/","title":{"rendered":"Jornada T\u00e9cnica da Batata 2026 realiza-se a 14 de maio nas Caldas da Rainha"},"content":{"rendered":"<div class=\"wp-block-image\">\n<figure class=\"aligncenter size-large\"><a href=\"https:\/\/www.queroir.pt\/evento\/jornada-tecnica-da-batata\"><img loading=\"lazy\" decoding=\"async\" width=\"726\" height=\"1024\" src=\"https:\/\/www.porbatata.pt\/wp-content\/uploads\/2026\/04\/Programa-VII-Jornadas-da-Batata-003-726x1024.jpg\" alt=\"\" class=\"wp-image-28856\" srcset=\"https:\/\/www.porbatata.pt\/wp-content\/uploads\/2026\/04\/Programa-VII-Jornadas-da-Batata-003-726x1024.jpg 726w, https:\/\/www.porbatata.pt\/wp-content\/uploads\/2026\/04\/Programa-VII-Jornadas-da-Batata-003-213x300.jpg 213w, https:\/\/www.porbatata.pt\/wp-content\/uploads\/2026\/04\/Programa-VII-Jornadas-da-Batata-003-768x1083.jpg 768w, https:\/\/www.porbatata.pt\/wp-content\/uploads\/2026\/04\/Programa-VII-Jornadas-da-Batata-003-1090x1536.jpg 1090w, https:\/\/www.porbatata.pt\/wp-content\/uploads\/2026\/04\/Programa-VII-Jornadas-da-Batata-003-1453x2048.jpg 1453w, https:\/\/www.porbatata.pt\/wp-content\/uploads\/2026\/04\/Programa-VII-Jornadas-da-Batata-003.jpg 1802w\" sizes=\"auto, (max-width: 726px) 100vw, 726px\" \/><\/a><\/figure><\/div>\n\n\n<p><\/p>\n\n\n\n<div class=\"wp-block-buttons is-content-justification-center is-layout-flex wp-container-core-buttons-is-layout-1 wp-block-buttons-is-layout-flex\">\n<div class=\"wp-block-button\"><a class=\"wp-block-button__link wp-element-button\" href=\"https:\/\/www.queroir.pt\/evento\/jornada-tecnica-da-batata\" target=\"_blank\" rel=\"noreferrer noopener\">Inscreva-se AQUI<\/a><\/div>\n<\/div>\n\n\n\n<p><\/p>\n\n\n\n<div class=\"wp-block-buttons is-content-justification-center is-layout-flex wp-container-core-buttons-is-layout-2 wp-block-buttons-is-layout-flex\"><\/div>\n\n\n\n<p><\/p>\n\n\n\n<p>A Porbatata \u2013 Associa\u00e7\u00e3o da Batata de Portugal, em parceria com o COTHN \u2013 Centro Operativo Tecnol\u00f3gico Hortofrut\u00edcola Nacional e a FNOP \u2013 Federa\u00e7\u00e3o Nacional das Organiza\u00e7\u00f5es de Produtores de Frutas e Hort\u00edcolas, organiza, no pr\u00f3ximo dia 14 de maio de 2026, a Jornada T\u00e9cnica da Batata, que ter\u00e1 lugar no Expoeste, nas Caldas da Rainha, reunindo profissionais de toda a fileira para um dia dedicado \u00e0 partilha de conhecimento e reflex\u00e3o estrat\u00e9gica sobre o setor.<\/p>\n\n\n\n<p>O programa est\u00e1 estruturado em tr\u00eas grandes pain\u00e9is tem\u00e1ticos \u2014 Produ\u00e7\u00e3o e Sanidade Vegetal, Clima e \u00c1gua, e Mercado e Consumo \u2014 abordando os principais desafios e oportunidades que se colocam atualmente \u00e0 produ\u00e7\u00e3o e valoriza\u00e7\u00e3o da batata em Portugal.<\/p>\n\n\n\n<p>Ao longo do dia, estar\u00e3o em destaque temas como a gest\u00e3o de infestantes, pragas de quarentena e vigil\u00e2ncia fitossanit\u00e1ria, solu\u00e7\u00f5es inovadoras para prote\u00e7\u00e3o e nutri\u00e7\u00e3o da cultura, bem como o impacto das altera\u00e7\u00f5es clim\u00e1ticas e a gest\u00e3o eficiente da \u00e1gua no contexto agr\u00edcola. Ser\u00e3o ainda debatidas as tend\u00eancias de consumo, o funcionamento dos mercados e as rela\u00e7\u00f5es ao longo da cadeia de valor.<\/p>\n\n\n\n<p>O evento contar\u00e1 com a participa\u00e7\u00e3o de especialistas e entidades de refer\u00eancia, incluindo o INIAV, DGAV, IPMA, CENTROMARCA e SIMAB, entre outros, promovendo uma abordagem integrada que liga produ\u00e7\u00e3o, conhecimento t\u00e9cnico e mercado.<\/p>\n\n\n\n<p>A iniciativa integra tamb\u00e9m um momento de debate em formato de mesa-redonda, dedicado ao tema \u201cO mercado da batata em Portugal: desafios e oportunidades\u201d, reunindo representantes dos diferentes elos da fileira.<\/p>\n\n\n\n<p>A Jornada T\u00e9cnica da Batata 2026 conta com o apoio dos seguintes patrocinadores: Agromanual, BASF, Certis Belchim, Corteva Agriscience e Hubel Verde.<\/p>\n\n\n\n<p><\/p>\n","protected":false},"excerpt":{"rendered":"<p>A Porbatata \u2013 Associa\u00e7\u00e3o da Batata de Portugal, em parceria com o COTHN \u2013 Centro Operativo Tecnol\u00f3gico Hortofrut\u00edcola Nacional e&#8230;<\/p>\n","protected":false},"author":2,"featured_media":28841,"comment_status":"closed","ping_status":"closed","sticky":false,"template":"","format":"standard","meta":{"footnotes":""},"categories":[108,104,1],"tags":[],"class_list":["post-28840","post","type-post","status-publish","format-standard","has-post-thumbnail","hentry","category-destaque","category-agenda","category-noticias"],"translation":{"provider":"WPGlobus","version":"3.0.0","language":"en","enabled_languages":["pt","en"],"languages":{"pt":{"title":true,"content":true,"excerpt":false},"en":{"title":false,"content":false,"excerpt":false}}},"_links":{"self":[{"href":"https:\/\/www.porbatata.pt\/en\/wp-json\/wp\/v2\/posts\/28840","targetHints":{"allow":["GET"]}}],"collection":[{"href":"https:\/\/www.porbatata.pt\/en\/wp-json\/wp\/v2\/posts"}],"about":[{"href":"https:\/\/www.porbatata.pt\/en\/wp-json\/wp\/v2\/types\/post"}],"author":[{"embeddable":true,"href":"https:\/\/www.porbatata.pt\/en\/wp-json\/wp\/v2\/users\/2"}],"replies":[{"embeddable":true,"href":"https:\/\/www.porbatata.pt\/en\/wp-json\/wp\/v2\/comments?post=28840"}],"version-history":[{"count":8,"href":"https:\/\/www.porbatata.pt\/en\/wp-json\/wp\/v2\/posts\/28840\/revisions"}],"predecessor-version":[{"id":28858,"href":"https:\/\/www.porbatata.pt\/en\/wp-json\/wp\/v2\/posts\/28840\/revisions\/28858"}],"wp:featuredmedia":[{"embeddable":true,"href":"https:\/\/www.porbatata.pt\/en\/wp-json\/wp\/v2\/media\/28841"}],"wp:attachment":[{"href":"https:\/\/www.porbatata.pt\/en\/wp-json\/wp\/v2\/media?parent=28840"}],"wp:term":[{"taxonomy":"category","embeddable":true,"href":"https:\/\/www.porbatata.pt\/en\/wp-json\/wp\/v2\/categories?post=28840"},{"taxonomy":"post_tag","embeddable":true,"href":"https:\/\/www.porbatata.pt\/en\/wp-json\/wp\/v2\/tags?post=28840"}],"curies":[{"name":"wp","href":"https:\/\/api.w.org\/{rel}","templated":true}]}}