{"id":1997,"date":"2022-03-17T16:03:45","date_gmt":"2022-03-17T16:03:45","guid":{"rendered":"https:\/\/www.porbatata.pt\/misstata\/?p=1997"},"modified":"2022-05-12T10:52:16","modified_gmt":"2022-05-12T10:52:16","slug":"jornadas-internacionais-da-batata-juntam-especialistas-e-parceiros-para-debater-desafios-do-setor","status":"publish","type":"post","link":"https:\/\/www.porbatata.pt\/misstata\/jornadas-internacionais-da-batata-juntam-especialistas-e-parceiros-para-debater-desafios-do-setor\/","title":{"rendered":"Jornadas Internacionais da Batata juntam especialistas e parceiros para debater desafios do setor"},"content":{"rendered":"<p><span style=\"font-weight: 400;\">A Porbatata, Associa\u00e7\u00e3o da Batata de Portugal, em parceria com a APH (Associa\u00e7\u00e3o Portuguesa de Horticultura), a ESAS (Escola Superior Agr\u00e1ria de Santar\u00e9m), o COTHN (Centro Operativo e Tecnol\u00f3gico Hortofrut\u00edcola Nacional) e a FNOP (<\/span><span style=\"font-weight: 400;\">Federa\u00e7\u00e3o Nacional das Organiza\u00e7\u00f5es de Produtores de Frutas e Hort\u00edcolas) vai organizar as <\/span><b>Jornadas Internacionais da Batata<\/b><span style=\"font-weight: 400;\">, nos dias 3 e 4 de maio, no F\u00f3rum Alcochete.<\/span><\/p>\n<p><span style=\"font-weight: 400;\">Numa altura de enormes desafios para o setor, a Porbatata re\u00fane especialistas, produtores e parceiros para debater os temas que mais importam no atual contexto, com destaque para os mercados internacionais e exporta\u00e7\u00e3o, a organiza\u00e7\u00e3o da produ\u00e7\u00e3o, o aumento do custo, as novas tecnologias, a fitossanidade, a escassez de \u00e1gua e as altera\u00e7\u00f5es clim\u00e1ticas.<\/span><\/p>\n<p><span style=\"font-weight: 400;\">Entre os oradores internacionais convidados est\u00e3o Cedric Porter, da WPM (World Potato Market), Jan Gottschall, da NAO (<\/span><span style=\"font-weight: 400;\">Nederlandse Aardappel Organisatie)<\/span><span style=\"font-weight: 400;\">, Yolanda Medina da OIPACYL (Organizacion Interprofissional de la Patata\u00a0 <\/span><span style=\"font-weight: 400;\">de Castilla y Le\u00f3n<\/span><span style=\"font-weight: 400;\">) ou Laurent Cavard, CEO do grupo franc\u00eas Altho.<\/span><\/p>\n<p><span style=\"font-weight: 400;\">Gon\u00e7alo Lobo Xavier, diretor geral da APED (Associa\u00e7\u00e3o Portuguesa das Empresas de Distribui\u00e7\u00e3o), Gon\u00e7alo Santos Andrade, presidente da Portugal Fresh, o coach Alexandre Monteiro e a chef Marlene Vieira tamb\u00e9m marcam presen\u00e7a na iniciativa.<\/span><\/p>\n<p><span style=\"font-weight: 400;\">\u201cAs Jornadas Internacionais da Batata ser\u00e3o uma oportunidade \u00fanica para reunir toda a cadeia envolvida na produ\u00e7\u00e3o alimentar e colocar no centro do debate os desafios com que, hoje, nos confrontamos. Num mundo em mudan\u00e7a constante, iremos ouvir especialistas nacionais e internacionais, partilhar estrat\u00e9gias e debater os temas que preocupam os agentes do setor\u201d, diz S\u00e9rgio Ferreira, presidente da Porbatata.<\/span><\/p>\n<p><span style=\"font-weight: 400;\">Esta iniciativa \u00e9 organizada no \u00e2mbito do Promo\u00e7\u00e3o da Batata Portuguesa nos Mercados Externos, apoiado pelo Portugal 2020, no \u00e2mbito Programa Operacional Competitividade e Internacionaliza\u00e7\u00e3o.\u00a0<\/span><\/p>\n<p><span style=\"font-weight: 400;\">As inscri\u00e7\u00f5es estar\u00e3o dispon\u00edveis a partir do dia 21 de mar\u00e7o na plataforma <\/span><a href=\"https:\/\/www.queroir.pt\/jornadas-internacionais-da-batata\"><span style=\"font-weight: 400;\">https:\/\/www.queroir.pt\/jornadas-internacionais-da-batata<\/span><\/a><span style=\"font-weight: 400;\">.<\/span><\/p>\n<p>&nbsp;<\/p>\n","protected":false},"excerpt":{"rendered":"<p>Coach Alexandre Monteiro e a chef Marlene Vieira s\u00e3o alguns dos oradores convidados.<\/p>\n","protected":false},"author":2,"featured_media":1995,"comment_status":"closed","ping_status":"closed","sticky":false,"template":"","format":"standard","meta":{"footnotes":""},"categories":[1],"tags":[],"class_list":["post-1997","post","type-post","status-publish","format-standard","has-post-thumbnail","hentry","category-atividades"],"_links":{"self":[{"href":"https:\/\/www.porbatata.pt\/misstata\/wp-json\/wp\/v2\/posts\/1997","targetHints":{"allow":["GET"]}}],"collection":[{"href":"https:\/\/www.porbatata.pt\/misstata\/wp-json\/wp\/v2\/posts"}],"about":[{"href":"https:\/\/www.porbatata.pt\/misstata\/wp-json\/wp\/v2\/types\/post"}],"author":[{"embeddable":true,"href":"https:\/\/www.porbatata.pt\/misstata\/wp-json\/wp\/v2\/users\/2"}],"replies":[{"embeddable":true,"href":"https:\/\/www.porbatata.pt\/misstata\/wp-json\/wp\/v2\/comments?post=1997"}],"version-history":[{"count":2,"href":"https:\/\/www.porbatata.pt\/misstata\/wp-json\/wp\/v2\/posts\/1997\/revisions"}],"predecessor-version":[{"id":2014,"href":"https:\/\/www.porbatata.pt\/misstata\/wp-json\/wp\/v2\/posts\/1997\/revisions\/2014"}],"wp:featuredmedia":[{"embeddable":true,"href":"https:\/\/www.porbatata.pt\/misstata\/wp-json\/wp\/v2\/media\/1995"}],"wp:attachment":[{"href":"https:\/\/www.porbatata.pt\/misstata\/wp-json\/wp\/v2\/media?parent=1997"}],"wp:term":[{"taxonomy":"category","embeddable":true,"href":"https:\/\/www.porbatata.pt\/misstata\/wp-json\/wp\/v2\/categories?post=1997"},{"taxonomy":"post_tag","embeddable":true,"href":"https:\/\/www.porbatata.pt\/misstata\/wp-json\/wp\/v2\/tags?post=1997"}],"curies":[{"name":"wp","href":"https:\/\/api.w.org\/{rel}","templated":true}]}}