{"id":2031,"date":"2022-05-24T10:47:42","date_gmt":"2022-05-24T10:47:42","guid":{"rendered":"https:\/\/www.porbatata.pt\/misstata\/?p=2031"},"modified":"2022-05-24T11:23:41","modified_gmt":"2022-05-24T11:23:41","slug":"nova-campanha-da-porbatata-quer-fazer-da-miss-tata-a-favorita-dos-portugueses","status":"publish","type":"post","link":"https:\/\/www.porbatata.pt\/misstata\/nova-campanha-da-porbatata-quer-fazer-da-miss-tata-a-favorita-dos-portugueses\/","title":{"rendered":"Nova campanha da Porbatata quer fazer da Miss Tata a favorita dos portugueses"},"content":{"rendered":"<p>A Porbatata, Associa\u00e7\u00e3o da Batata de Portugal, lan\u00e7a hoje uma campanha para promover o consumo de batata portuguesa.<\/p>\n<p>Com a Miss Tata, marca criada pela associa\u00e7\u00e3o em 2020, a Porbatata pretende impulsionar o consumo deste alimento no per\u00edodo de maior produ\u00e7\u00e3o, que decorre de maio a setembro.<\/p>\n<p>\u201cMiss Tata, a favorita\u201d \u00e9 o mote desta a\u00e7\u00e3o de promo\u00e7\u00e3o que conta com a participa\u00e7\u00e3o da chef Marlene Vieira, do tiktoker Gast\u00e3o Reis (do it gastro), da av\u00f3 Fernanda do projeto A Av\u00f4 veio Trabalhar, da nutricionista Rita Teixeira e do produtor Carlos Marques.<\/p>\n<p>O objetivo \u00e9 mostrar que a batata portuguesa \u00e9 a mais fresca e saborosa, a mais pr\u00f3xima (e, por isso, com menos pegada ecol\u00f3gica) e a aliada indispens\u00e1vel numa alimenta\u00e7\u00e3o saud\u00e1vel. \u00c9 a favorita dos portugueses.<\/p>\n<p>Alem das redes sociais, a Miss Tata tamb\u00e9m ser\u00e1 promovida na grande distribui\u00e7\u00e3o, numa parceria com a APED, Associa\u00e7\u00e3o Portuguesa das Empresas de Distribui\u00e7\u00e3o. A Miss Tata estar\u00e1 em folhetos e outros materiais de comunica\u00e7\u00e3o nos pontos de venda dos hiper e supermercados aderentes desta iniciativa.<\/p>\n<p>\u201cQueremos que a Miss Tata seja a favorita dos portugueses porque \u00e9 fresca, nova, acabada de colher. Numa altura em que o setor alimentar se debate com tantas dificuldades, apoiar a produ\u00e7\u00e3o nacional e consumir batata portuguesa \u00e9 fundamental. \u00c9 um produto saud\u00e1vel, nutritivo e produzido em todo o territ\u00f3rio nacional\u201d, diz S\u00e9rgio Ferreira, presidente da Porbatata.<\/p>\n<p>\u201cPortugal s\u00f3 produz cerca de 40 a 50% da batata consumida pelos portugueses. Sabemos que produzimos bem e com qualidade. Sabemos tamb\u00e9m que temos capacidade para aumentar a produ\u00e7\u00e3o. \u00c9 muito importante investir em promo\u00e7\u00e3o e ultrapassar as dificuldades atuais para que a fileira se torne mais forte\u201d, acrescenta.<\/p>\n<p>\u201cA promo\u00e7\u00e3o e apoio \u00e0 produ\u00e7\u00e3o nacional \u00e9 um compromisso cont\u00ednuo da Distribui\u00e7\u00e3o, que tem procurado valorizar e aprofundar a \u00a0rela\u00e7\u00e3o com os produtores nacionais. O apoio dado pela APED a esta campanha da Porbatata constitui um novo passo na rela\u00e7\u00e3o de colabora\u00e7\u00e3o que as duas entidades t\u00eam vindo a aprofundar ao longo dos \u00faltimos anos para a valoriza\u00e7\u00e3o de um produto de destaque na gastronomia portuguesa\u201d, acrescenta M\u00f3nica Ventosa, diretora geral adjunta da APED.<\/p>\n<p>A campanha de promo\u00e7\u00e3o da batata portuguesa ser\u00e1 tamb\u00e9m divulgada pela Porbatata em \u00f3rg\u00e3os de comunica\u00e7\u00e3o social especializados europeus. O objetivo \u00e9 dar a conhecer a marca coletiva da batata portuguesa e estimular as exporta\u00e7\u00f5es, numa altura em que este produto est\u00e1 a chegar ao mercado, acabado de colher.<\/p>\n<p>Em 2021, as exporta\u00e7\u00f5es de batata somaram mais de18 milh\u00f5es de euros e a Uni\u00e3o Europeia foi o principal mercado de destino. O maior comprador de batata portuguesa \u00e9 Espanha, que absorve 48% das exporta\u00e7\u00f5es nacionais, em valor.<\/p>\n<p>Em Portugal, a produ\u00e7\u00e3o de batata \u00e9 de cerca de 450 mil toneladas. O consumo <em>per capita<\/em> ultrapassa os 90 quilos por ano.<\/p>\n<p>A promo\u00e7\u00e3o da batata portuguesa \u00e9 uma das iniciativas do projeto de Promo\u00e7\u00e3o da Batata Portuguesa nos Mercados Externos, apoiado pelo Portugal 2020, no \u00e2mbito Programa Operacional Competitividade e Internacionaliza\u00e7\u00e3o.<\/p>\n<p>&nbsp;<\/p>\n<p>#MissTataAFavorita #MissTata #Porbatata<\/p>\n","protected":false},"excerpt":{"rendered":"<p>A Porbatata, Associa\u00e7\u00e3o da Batata de Portugal, lan\u00e7a hoje uma campanha para promover o consumo de batata portuguesa.<\/p>\n","protected":false},"author":2,"featured_media":2032,"comment_status":"closed","ping_status":"closed","sticky":false,"template":"","format":"standard","meta":{"footnotes":""},"categories":[1],"tags":[],"class_list":["post-2031","post","type-post","status-publish","format-standard","has-post-thumbnail","hentry","category-atividades"],"_links":{"self":[{"href":"https:\/\/www.porbatata.pt\/misstata\/wp-json\/wp\/v2\/posts\/2031","targetHints":{"allow":["GET"]}}],"collection":[{"href":"https:\/\/www.porbatata.pt\/misstata\/wp-json\/wp\/v2\/posts"}],"about":[{"href":"https:\/\/www.porbatata.pt\/misstata\/wp-json\/wp\/v2\/types\/post"}],"author":[{"embeddable":true,"href":"https:\/\/www.porbatata.pt\/misstata\/wp-json\/wp\/v2\/users\/2"}],"replies":[{"embeddable":true,"href":"https:\/\/www.porbatata.pt\/misstata\/wp-json\/wp\/v2\/comments?post=2031"}],"version-history":[{"count":4,"href":"https:\/\/www.porbatata.pt\/misstata\/wp-json\/wp\/v2\/posts\/2031\/revisions"}],"predecessor-version":[{"id":2051,"href":"https:\/\/www.porbatata.pt\/misstata\/wp-json\/wp\/v2\/posts\/2031\/revisions\/2051"}],"wp:featuredmedia":[{"embeddable":true,"href":"https:\/\/www.porbatata.pt\/misstata\/wp-json\/wp\/v2\/media\/2032"}],"wp:attachment":[{"href":"https:\/\/www.porbatata.pt\/misstata\/wp-json\/wp\/v2\/media?parent=2031"}],"wp:term":[{"taxonomy":"category","embeddable":true,"href":"https:\/\/www.porbatata.pt\/misstata\/wp-json\/wp\/v2\/categories?post=2031"},{"taxonomy":"post_tag","embeddable":true,"href":"https:\/\/www.porbatata.pt\/misstata\/wp-json\/wp\/v2\/tags?post=2031"}],"curies":[{"name":"wp","href":"https:\/\/api.w.org\/{rel}","templated":true}]}}